{"id":9193,"date":"2016-09-25T02:00:34","date_gmt":"2016-09-25T01:00:34","guid":{"rendered":"http:\/\/miniaturstuhl.de\/?p=9193"},"modified":"2016-09-24T11:21:19","modified_gmt":"2016-09-24T10:21:19","slug":"aus-meinem-buecherschrank-32","status":"publish","type":"post","link":"https:\/\/miniaturstuhl.de\/?p=9193","title":{"rendered":"Aus meinem B\u00fccherschrank"},"content":{"rendered":"<p><span style=\"color: #3366ff;\"><strong>WEGNER<br \/>\njust one good chair<\/strong><\/span><\/p>\n<p><img loading=\"lazy\" decoding=\"async\" class=\"alignleft size-full wp-image-9194\" src=\"https:\/\/miniaturstuhl.de\/wp-content\/uploads\/2016\/09\/Wegner.jpg\" alt=\"wegner\" width=\"218\" height=\"284\" \/><\/p>\n<div class=\"book-short-text\">\n<p>Pr\u00e4miert als eines der \u00bbsch\u00f6nsten deutschen B\u00fccher\u00ab 2015<\/p>\n<p>Prachtvolle Monografie aus Anlass des 100. Geburtstags des gro\u00dfen D\u00e4nen<\/p>\n<\/div>\n<div class=\"book-promo-text\">\n<p>&#8222;Der Name von Hans J. Wegner (1914\u20132007) ist untrennbar mit seinen un\u00fcbertroffenen St\u00fchlen verbunden, mit denen er dem d\u00e4nischen Design international zum Durchbruch verhalf. Jeder Designliebhaber hat einen Favoriten unter seinen rund 500 Entw\u00fcrfen. Kaum eine Hochglanzzeitschrift zum Thema Inneneinrichtung kommt heute ohne den eleganten China-Stuhl (1943) oder den Y-Stuhl (1950) aus, und auf seinem mittlerweile nur noch schlicht \u00bbThe Chair\u00ab genannten runden Stuhl (1949) sa\u00df einst sogar John F. Kennedy. Der gelernte M\u00f6beltischler Wegner schuf die Prototypen zumeist mit eigener Hand; er benutzte traditionelle Verbindungstechniken wie Schlitz und Zapfen oder Fingerzinken und ging dabei an die Grenzen des mit Holz machbaren, was seinen Designs unerreichte Eleganz verleiht. Auch der Humor blieb dabei nicht auf der Strecke, wie sein prachtvoller Pfauen-Stuhl (1947) oder der maskuline Ochsen-Stuhl (1960) beweisen, den man mit und ohne H\u00f6rner erwerben kann.&#8220;<\/p>\n<p><span style=\"color: #999999;\">Text: Klappentext des Verlages<\/span><\/p>\n<\/div>\n","protected":false},"excerpt":{"rendered":"<p>WEGNER just one good chair Pr\u00e4miert als eines der \u00bbsch\u00f6nsten deutschen B\u00fccher\u00ab 2015 Prachtvolle Monografie aus Anlass des 100. Geburtstags des gro\u00dfen D\u00e4nen &#8222;Der Name von Hans J. Wegner (1914\u20132007) ist untrennbar mit seinen un\u00fcbertroffenen St\u00fchlen verbunden, mit denen er dem d\u00e4nischen Design international zum Durchbruch verhalf. Jeder Designliebhaber hat einen Favoriten unter seinen rund &hellip; <a href=\"https:\/\/miniaturstuhl.de\/?p=9193\" class=\"more-link\"><span class=\"screen-reader-text\">Aus meinem B\u00fccherschrank<\/span> weiterlesen<\/a><\/p>\n","protected":false},"author":2,"featured_media":0,"comment_status":"closed","ping_status":"open","sticky":false,"template":"","format":"standard","meta":{"_jetpack_memberships_contains_paid_content":false,"footnotes":""},"categories":[224,108],"tags":[],"class_list":["post-9193","post","type-post","status-publish","format-standard","hentry","category-mein-buecherschrank","category-wegner"],"jetpack_featured_media_url":"","jetpack_sharing_enabled":true,"_links":{"self":[{"href":"https:\/\/miniaturstuhl.de\/index.php?rest_route=\/wp\/v2\/posts\/9193","targetHints":{"allow":["GET"]}}],"collection":[{"href":"https:\/\/miniaturstuhl.de\/index.php?rest_route=\/wp\/v2\/posts"}],"about":[{"href":"https:\/\/miniaturstuhl.de\/index.php?rest_route=\/wp\/v2\/types\/post"}],"author":[{"embeddable":true,"href":"https:\/\/miniaturstuhl.de\/index.php?rest_route=\/wp\/v2\/users\/2"}],"replies":[{"embeddable":true,"href":"https:\/\/miniaturstuhl.de\/index.php?rest_route=%2Fwp%2Fv2%2Fcomments&post=9193"}],"version-history":[{"count":5,"href":"https:\/\/miniaturstuhl.de\/index.php?rest_route=\/wp\/v2\/posts\/9193\/revisions"}],"predecessor-version":[{"id":9197,"href":"https:\/\/miniaturstuhl.de\/index.php?rest_route=\/wp\/v2\/posts\/9193\/revisions\/9197"}],"wp:attachment":[{"href":"https:\/\/miniaturstuhl.de\/index.php?rest_route=%2Fwp%2Fv2%2Fmedia&parent=9193"}],"wp:term":[{"taxonomy":"category","embeddable":true,"href":"https:\/\/miniaturstuhl.de\/index.php?rest_route=%2Fwp%2Fv2%2Fcategories&post=9193"},{"taxonomy":"post_tag","embeddable":true,"href":"https:\/\/miniaturstuhl.de\/index.php?rest_route=%2Fwp%2Fv2%2Ftags&post=9193"}],"curies":[{"name":"wp","href":"https:\/\/api.w.org\/{rel}","templated":true}]}}