{"id":9175,"date":"2016-10-02T02:07:02","date_gmt":"2016-10-02T01:07:02","guid":{"rendered":"http:\/\/miniaturstuhl.de\/?p=9175"},"modified":"2016-10-01T11:08:12","modified_gmt":"2016-10-01T10:08:12","slug":"gerrit-t-rietveld-3","status":"publish","type":"post","link":"https:\/\/miniaturstuhl.de\/?p=9175","title":{"rendered":"Gerrit T. Rietveld"},"content":{"rendered":"<p><span style=\"color: #3366ff;\"><strong>Miniatur &#8222;Milit\u00e4r Stuhl&#8220;<\/strong><\/span><\/p>\n<p><img loading=\"lazy\" decoding=\"async\" class=\"alignnone size-full wp-image-9203\" src=\"https:\/\/miniaturstuhl.de\/wp-content\/uploads\/2016\/09\/Rietveld-Militaire-002.jpg\" alt=\"rietveld-militaire-002\" width=\"448\" height=\"327\" srcset=\"https:\/\/miniaturstuhl.de\/wp-content\/uploads\/2016\/09\/Rietveld-Militaire-002.jpg 448w, https:\/\/miniaturstuhl.de\/wp-content\/uploads\/2016\/09\/Rietveld-Militaire-002-300x219.jpg 300w\" sizes=\"auto, (max-width: 448px) 100vw, 448px\" \/><\/p>\n<p>Gerrit Rietveld entwarf\u00a01923 den Milit\u00e4r\u00a0Stuhl\u00a0f\u00fcr eine\u00a0katholische Milit\u00e4reinrichtung\u00a0in Utrecht. Ein\u00a0Konstruktionsmerkmal der Milit\u00e4rserie\u00a0&#8211;\u00a0es geh\u00f6rten auch Tische und Hocker dazu &#8211;\u00a0war die Verbindung der Gestellteile durch unterschiedlich lange Schlo\u00dfschrauben mit Vierkantmuttern.\u00a0Um eine hohe Stabilit\u00e4t zu erreichen, war\u00a0die linke und rechte Seitentraverse zus\u00e4tzlich in die Vorder- und Hinterbeine eingenutet.<\/p>\n<p>Das Vitra Design Museum stellte die Miniatur des Milit\u00e4r Stuhls\u00a0in den Jahren von 2000 bis 2007 her.\u00a0In der Begleitbrosch\u00fcre zur Miniatur wird als wahrscheinliche Farbe f\u00fcr die M\u00f6blierung\u00a0der Milit\u00e4reinrichtung gr\u00fcn angegeben.<\/p>\n<p>Ma\u00dfe der Miniatur: 68 x 85 mm, 150 mm hoch.<\/p>\n<p>Ma\u00dfstab der Miniatur: 1:6<\/p>\n<p>Artikelnummer der Miniatur: 20251601<\/p>\n<p>Das Gestell der Miniatur besteht aus unterschiedlich starken, rechteckigen und quadratischen Vierkanth\u00f6lzern und ist grau lackiert. Die knapp 2 mm starken Sperrholzplatten f\u00fcr die Sitz- und R\u00fcckenfl\u00e4che sind gelb und die Stirnseiten der H\u00f6lzer wei\u00df lackiert. Die verwendeten Schlo\u00dfschrauben und Vierkantmuttern\u00a0sind ma\u00dfstabsgetreu auf ein Sechstel verkleinert.<\/p>\n<p><img loading=\"lazy\" decoding=\"async\" class=\"alignnone size-full wp-image-9206\" src=\"https:\/\/miniaturstuhl.de\/wp-content\/uploads\/2016\/09\/Rietveld-Militaire-003.jpg\" alt=\"rietveld-militaire-003\" width=\"448\" height=\"327\" srcset=\"https:\/\/miniaturstuhl.de\/wp-content\/uploads\/2016\/09\/Rietveld-Militaire-003.jpg 448w, https:\/\/miniaturstuhl.de\/wp-content\/uploads\/2016\/09\/Rietveld-Militaire-003-300x219.jpg 300w\" sizes=\"auto, (max-width: 448px) 100vw, 448px\" \/><\/p>\n<p><img loading=\"lazy\" decoding=\"async\" class=\"alignnone size-full wp-image-9205\" src=\"https:\/\/miniaturstuhl.de\/wp-content\/uploads\/2016\/09\/Rietveld-Militaire-004.jpg\" alt=\"rietveld-militaire-004\" width=\"448\" height=\"327\" srcset=\"https:\/\/miniaturstuhl.de\/wp-content\/uploads\/2016\/09\/Rietveld-Militaire-004.jpg 448w, https:\/\/miniaturstuhl.de\/wp-content\/uploads\/2016\/09\/Rietveld-Militaire-004-300x219.jpg 300w\" sizes=\"auto, (max-width: 448px) 100vw, 448px\" \/><\/p>\n<p><img loading=\"lazy\" decoding=\"async\" class=\"alignnone size-full wp-image-9204\" src=\"https:\/\/miniaturstuhl.de\/wp-content\/uploads\/2016\/09\/Rietveld-Militaire-005.jpg\" alt=\"rietveld-militaire-005\" width=\"448\" height=\"327\" srcset=\"https:\/\/miniaturstuhl.de\/wp-content\/uploads\/2016\/09\/Rietveld-Militaire-005.jpg 448w, https:\/\/miniaturstuhl.de\/wp-content\/uploads\/2016\/09\/Rietveld-Militaire-005-300x219.jpg 300w\" sizes=\"auto, (max-width: 448px) 100vw, 448px\" \/><\/p>\n","protected":false},"excerpt":{"rendered":"<p>Miniatur &#8222;Milit\u00e4r Stuhl&#8220; Gerrit Rietveld entwarf\u00a01923 den Milit\u00e4r\u00a0Stuhl\u00a0f\u00fcr eine\u00a0katholische Milit\u00e4reinrichtung\u00a0in Utrecht. Ein\u00a0Konstruktionsmerkmal der Milit\u00e4rserie\u00a0&#8211;\u00a0es geh\u00f6rten auch Tische und Hocker dazu &#8211;\u00a0war die Verbindung der Gestellteile durch unterschiedlich lange Schlo\u00dfschrauben mit Vierkantmuttern.\u00a0Um eine hohe Stabilit\u00e4t zu erreichen, war\u00a0die linke und rechte Seitentraverse zus\u00e4tzlich in die Vorder- und Hinterbeine eingenutet. Das Vitra Design Museum stellte die Miniatur &hellip; <a href=\"https:\/\/miniaturstuhl.de\/?p=9175\" class=\"more-link\"><span class=\"screen-reader-text\">Gerrit T. Rietveld<\/span> weiterlesen<\/a><\/p>\n","protected":false},"author":2,"featured_media":0,"comment_status":"closed","ping_status":"open","sticky":false,"template":"","format":"standard","meta":{"_jetpack_memberships_contains_paid_content":false,"footnotes":""},"categories":[119,87],"tags":[],"class_list":["post-9175","post","type-post","status-publish","format-standard","hentry","category-1919-1944","category-rietveld"],"jetpack_featured_media_url":"","jetpack_sharing_enabled":true,"_links":{"self":[{"href":"https:\/\/miniaturstuhl.de\/index.php?rest_route=\/wp\/v2\/posts\/9175","targetHints":{"allow":["GET"]}}],"collection":[{"href":"https:\/\/miniaturstuhl.de\/index.php?rest_route=\/wp\/v2\/posts"}],"about":[{"href":"https:\/\/miniaturstuhl.de\/index.php?rest_route=\/wp\/v2\/types\/post"}],"author":[{"embeddable":true,"href":"https:\/\/miniaturstuhl.de\/index.php?rest_route=\/wp\/v2\/users\/2"}],"replies":[{"embeddable":true,"href":"https:\/\/miniaturstuhl.de\/index.php?rest_route=%2Fwp%2Fv2%2Fcomments&post=9175"}],"version-history":[{"count":11,"href":"https:\/\/miniaturstuhl.de\/index.php?rest_route=\/wp\/v2\/posts\/9175\/revisions"}],"predecessor-version":[{"id":9216,"href":"https:\/\/miniaturstuhl.de\/index.php?rest_route=\/wp\/v2\/posts\/9175\/revisions\/9216"}],"wp:attachment":[{"href":"https:\/\/miniaturstuhl.de\/index.php?rest_route=%2Fwp%2Fv2%2Fmedia&parent=9175"}],"wp:term":[{"taxonomy":"category","embeddable":true,"href":"https:\/\/miniaturstuhl.de\/index.php?rest_route=%2Fwp%2Fv2%2Fcategories&post=9175"},{"taxonomy":"post_tag","embeddable":true,"href":"https:\/\/miniaturstuhl.de\/index.php?rest_route=%2Fwp%2Fv2%2Ftags&post=9175"}],"curies":[{"name":"wp","href":"https:\/\/api.w.org\/{rel}","templated":true}]}}