{"id":3870,"date":"2013-04-14T06:04:53","date_gmt":"2013-04-14T05:04:53","guid":{"rendered":"http:\/\/miniaturstuhl.de\/?p=3870"},"modified":"2013-04-12T18:05:21","modified_gmt":"2013-04-12T17:05:21","slug":"karl-friedrich-forster","status":"publish","type":"post","link":"https:\/\/miniaturstuhl.de\/?p=3870","title":{"rendered":"Karl Friedrich F\u00f6rster"},"content":{"rendered":"<p><span style=\"color: #3366ff;\"><strong>Miniatur &#8222;SINUS&#8220;<\/strong><\/span><\/p>\n<p><a href=\"https:\/\/miniaturstuhl.de\/wp-content\/uploads\/2013\/04\/F\u00f6rster-Sinus-01.jpg\"><img loading=\"lazy\" decoding=\"async\" class=\"alignnone size-full wp-image-3872\" alt=\"F\u00f6rster,-Sinus-01\" src=\"https:\/\/miniaturstuhl.de\/wp-content\/uploads\/2013\/04\/F\u00f6rster-Sinus-01.jpg\" width=\"220\" height=\"330\" srcset=\"https:\/\/miniaturstuhl.de\/wp-content\/uploads\/2013\/04\/F\u00f6rster-Sinus-01.jpg 220w, https:\/\/miniaturstuhl.de\/wp-content\/uploads\/2013\/04\/F\u00f6rster-Sinus-01-200x300.jpg 200w\" sizes=\"auto, (max-width: 220px) 100vw, 220px\" \/><\/a>\u00a0 <a href=\"https:\/\/miniaturstuhl.de\/wp-content\/uploads\/2013\/04\/F\u00f6rster-Sinus-02.jpg\"><img loading=\"lazy\" decoding=\"async\" class=\"alignnone size-full wp-image-3871\" alt=\"F\u00f6rster,-Sinus-02\" src=\"https:\/\/miniaturstuhl.de\/wp-content\/uploads\/2013\/04\/F\u00f6rster-Sinus-02.jpg\" width=\"220\" height=\"330\" srcset=\"https:\/\/miniaturstuhl.de\/wp-content\/uploads\/2013\/04\/F\u00f6rster-Sinus-02.jpg 220w, https:\/\/miniaturstuhl.de\/wp-content\/uploads\/2013\/04\/F\u00f6rster-Sinus-02-200x300.jpg 200w\" sizes=\"auto, (max-width: 220px) 100vw, 220px\" \/><\/a><\/p>\n<p>Karl Friedrich F\u00f6rster, Inhaber und Gr\u00fcnder des Sitzm\u00f6belherstellers KFF-Design in Lemgo,\u00a0 entwarf 1987 das Stuhlmodell SINUS. Die Miniatur aus meiner Sammlung wurde von KFF im Ma\u00dfstab ca. 1 : 4,5 angefertigt.<\/p>\n<p>Ma\u00dfe:\u00a0 92 x 117 mm, 190 mm hoch.<\/p>\n<p>Das rechteckige Stahlgestell der Miniatur ist silberfarbig lackiert. Die\u00a0 Sitz- und R\u00fcckenfl\u00e4che ist in Schichtholz\u00a0 Buche natur ausgef\u00fchrt und klar lackiert. Verpackt ist die Miniatur in einer bedruckten Faltschachtel aus naturfarbenem Karton.<\/p>\n<p><a href=\"https:\/\/miniaturstuhl.de\/wp-content\/uploads\/2013\/04\/F\u00f6rster-Sinus-03.jpg\"><img loading=\"lazy\" decoding=\"async\" class=\"alignnone size-full wp-image-3876\" alt=\"F\u00f6rster,-Sinus-03\" src=\"https:\/\/miniaturstuhl.de\/wp-content\/uploads\/2013\/04\/F\u00f6rster-Sinus-03.jpg\" width=\"220\" height=\"323\" srcset=\"https:\/\/miniaturstuhl.de\/wp-content\/uploads\/2013\/04\/F\u00f6rster-Sinus-03.jpg 220w, https:\/\/miniaturstuhl.de\/wp-content\/uploads\/2013\/04\/F\u00f6rster-Sinus-03-204x300.jpg 204w\" sizes=\"auto, (max-width: 220px) 100vw, 220px\" \/><\/a>\u00a0 <a href=\"https:\/\/miniaturstuhl.de\/wp-content\/uploads\/2013\/04\/F\u00f6rster-Sinus-04.jpg\"><img loading=\"lazy\" decoding=\"async\" class=\"alignnone size-full wp-image-3875\" alt=\"F\u00f6rster,-Sinus-04\" src=\"https:\/\/miniaturstuhl.de\/wp-content\/uploads\/2013\/04\/F\u00f6rster-Sinus-04.jpg\" width=\"220\" height=\"323\" srcset=\"https:\/\/miniaturstuhl.de\/wp-content\/uploads\/2013\/04\/F\u00f6rster-Sinus-04.jpg 220w, https:\/\/miniaturstuhl.de\/wp-content\/uploads\/2013\/04\/F\u00f6rster-Sinus-04-204x300.jpg 204w\" sizes=\"auto, (max-width: 220px) 100vw, 220px\" \/><\/a><\/p>\n","protected":false},"excerpt":{"rendered":"<p>Miniatur &#8222;SINUS&#8220; \u00a0 Karl Friedrich F\u00f6rster, Inhaber und Gr\u00fcnder des Sitzm\u00f6belherstellers KFF-Design in Lemgo,\u00a0 entwarf 1987 das Stuhlmodell SINUS. Die Miniatur aus meiner Sammlung wurde von KFF im Ma\u00dfstab ca. 1 : 4,5 angefertigt. Ma\u00dfe:\u00a0 92 x 117 mm, 190 mm hoch. Das rechteckige Stahlgestell der Miniatur ist silberfarbig lackiert. Die\u00a0 Sitz- und R\u00fcckenfl\u00e4che ist &hellip; <a href=\"https:\/\/miniaturstuhl.de\/?p=3870\" class=\"more-link\"><span class=\"screen-reader-text\">Karl Friedrich F\u00f6rster<\/span> weiterlesen<\/a><\/p>\n","protected":false},"author":1,"featured_media":0,"comment_status":"closed","ping_status":"open","sticky":false,"template":"","format":"standard","meta":{"_jetpack_memberships_contains_paid_content":false,"footnotes":""},"categories":[121,39],"tags":[],"class_list":["post-3870","post","type-post","status-publish","format-standard","hentry","category-1971-1999","category-forster"],"jetpack_featured_media_url":"","jetpack_sharing_enabled":true,"_links":{"self":[{"href":"https:\/\/miniaturstuhl.de\/index.php?rest_route=\/wp\/v2\/posts\/3870","targetHints":{"allow":["GET"]}}],"collection":[{"href":"https:\/\/miniaturstuhl.de\/index.php?rest_route=\/wp\/v2\/posts"}],"about":[{"href":"https:\/\/miniaturstuhl.de\/index.php?rest_route=\/wp\/v2\/types\/post"}],"author":[{"embeddable":true,"href":"https:\/\/miniaturstuhl.de\/index.php?rest_route=\/wp\/v2\/users\/1"}],"replies":[{"embeddable":true,"href":"https:\/\/miniaturstuhl.de\/index.php?rest_route=%2Fwp%2Fv2%2Fcomments&post=3870"}],"version-history":[{"count":10,"href":"https:\/\/miniaturstuhl.de\/index.php?rest_route=\/wp\/v2\/posts\/3870\/revisions"}],"predecessor-version":[{"id":3884,"href":"https:\/\/miniaturstuhl.de\/index.php?rest_route=\/wp\/v2\/posts\/3870\/revisions\/3884"}],"wp:attachment":[{"href":"https:\/\/miniaturstuhl.de\/index.php?rest_route=%2Fwp%2Fv2%2Fmedia&parent=3870"}],"wp:term":[{"taxonomy":"category","embeddable":true,"href":"https:\/\/miniaturstuhl.de\/index.php?rest_route=%2Fwp%2Fv2%2Fcategories&post=3870"},{"taxonomy":"post_tag","embeddable":true,"href":"https:\/\/miniaturstuhl.de\/index.php?rest_route=%2Fwp%2Fv2%2Ftags&post=3870"}],"curies":[{"name":"wp","href":"https:\/\/api.w.org\/{rel}","templated":true}]}}