{"id":3355,"date":"2012-12-16T05:09:22","date_gmt":"2012-12-16T04:09:22","guid":{"rendered":"http:\/\/miniaturstuhl.de\/?p=3355"},"modified":"2021-02-01T17:22:12","modified_gmt":"2021-02-01T16:22:12","slug":"gerrit-t-rietveld-6","status":"publish","type":"post","link":"https:\/\/miniaturstuhl.de\/?p=3355","title":{"rendered":"Gerrit T. Rietveld"},"content":{"rendered":"<p><strong><span style=\"color: #3366ff;\">Miniaturen &#8222;Kistenstuhl&#8220;<\/span><\/strong><\/p>\n<p><img loading=\"lazy\" decoding=\"async\" class=\"alignnone size-full wp-image-12899\" src=\"https:\/\/miniaturstuhl.de\/wp-content\/uploads\/2021\/01\/Rietveld_Kistenstuhl_01.jpg\" alt=\"\" width=\"450\" height=\"450\" srcset=\"https:\/\/miniaturstuhl.de\/wp-content\/uploads\/2021\/01\/Rietveld_Kistenstuhl_01.jpg 450w, https:\/\/miniaturstuhl.de\/wp-content\/uploads\/2021\/01\/Rietveld_Kistenstuhl_01-300x300.jpg 300w, https:\/\/miniaturstuhl.de\/wp-content\/uploads\/2021\/01\/Rietveld_Kistenstuhl_01-150x150.jpg 150w\" sizes=\"auto, (max-width: 450px) 100vw, 450px\" \/><\/p>\n<p>Der niedrige Kistenstuhl und der etwas h\u00f6here Kisten-Schreibtischstuhl geh\u00f6rt zu einer M\u00f6belserie, die Gerrit Rietveld im Jahr 1934 entwarf. Die Kistenm\u00f6bel, so nannte Rietveld sie, bestanden aus einfachen, miteinander verschraubten Kiefernbrettern in 18 mm Dicke, 145 mm Breite und\u00a0 verschiedenen L\u00e4ngen. Zur M\u00f6belserie, die u.a. zur Einrichtung von Wochenendh\u00e4usern, Studentenwohnungen und Kinderzimmern entworfen wurde, geh\u00f6rten auch Tische in unterschiedlichen Gr\u00f6\u00dfen, ein B\u00fccherregal und ein Schreibtisch. Das &#8222;Do-It-Yourself-Programm&#8220; konnte nach den von Rietveld angebotenen Bauanleitungen sehr einfach selber angefertigt werden oder in Einzelteilen und auch komplett montiert gekauft werden.<\/p>\n<p>Die in meiner Sammlung befindlichen Miniaturen haben folgende Abmessungen:<\/p>\n<p style=\"text-align: center;\">Kisten-Schreibtischstuhl<br \/>\nMa\u00dfe der Miniatur: 98 x 105 mm, 126 mm hoch.<br \/>\nMa\u00dfstab der Miniatur: 1:6<\/p>\n<p style=\"text-align: center;\">Kistenstuhl (niedrig)<br \/>\nMa\u00dfe der Miniatur: 90 x 122 mm, 103 mm hoch.<br \/>\nMa\u00dfstab der Miniatur: 1:6<\/p>\n<p>Die Miniatur des Kisten-Schreibtischstuhls wurde 1997 in einer sehr kleinen Auflage vom Vitra Design Museum f\u00fcr die Ausstellung<\/p>\n<p style=\"text-align: center;\"><a href=\"https:\/\/miniaturstuhl.de\/?cat=144\" target=\"_blank\" rel=\"noopener\">&#8222;Designma\u00dfst\u00e4be &#8211; 100 klassische Sitzm\u00f6bel&#8220;<\/a><\/p>\n<p>angefertigt. Ich hatte das gro\u00dfe Gl\u00fcck, eine Miniatur aus der \u00dcberproduktion kaufen zu k\u00f6nnen. Die Miniatur des niedrigen Kistenstuhls habe ich f\u00fcr meine Sammlung selber angefertigt.<\/p>\n<p><img loading=\"lazy\" decoding=\"async\" class=\"alignnone size-full wp-image-12897\" src=\"https:\/\/miniaturstuhl.de\/wp-content\/uploads\/2021\/01\/Rietveld_Kistenstuhl_03.jpg\" alt=\"\" width=\"450\" height=\"450\" srcset=\"https:\/\/miniaturstuhl.de\/wp-content\/uploads\/2021\/01\/Rietveld_Kistenstuhl_03.jpg 450w, https:\/\/miniaturstuhl.de\/wp-content\/uploads\/2021\/01\/Rietveld_Kistenstuhl_03-300x300.jpg 300w, https:\/\/miniaturstuhl.de\/wp-content\/uploads\/2021\/01\/Rietveld_Kistenstuhl_03-150x150.jpg 150w\" sizes=\"auto, (max-width: 450px) 100vw, 450px\" \/><\/p>\n<p><img loading=\"lazy\" decoding=\"async\" class=\"alignnone size-full wp-image-12898\" src=\"https:\/\/miniaturstuhl.de\/wp-content\/uploads\/2021\/01\/Rietveld_Kistenstuhl_02.jpg\" alt=\"\" width=\"450\" height=\"352\" srcset=\"https:\/\/miniaturstuhl.de\/wp-content\/uploads\/2021\/01\/Rietveld_Kistenstuhl_02.jpg 450w, https:\/\/miniaturstuhl.de\/wp-content\/uploads\/2021\/01\/Rietveld_Kistenstuhl_02-300x235.jpg 300w, https:\/\/miniaturstuhl.de\/wp-content\/uploads\/2021\/01\/Rietveld_Kistenstuhl_02-150x117.jpg 150w\" sizes=\"auto, (max-width: 450px) 100vw, 450px\" \/><\/p>\n<p><img loading=\"lazy\" decoding=\"async\" class=\"alignnone size-full wp-image-12917\" src=\"https:\/\/miniaturstuhl.de\/wp-content\/uploads\/2021\/02\/Rietveld_Kistenstuhl_06.jpg\" alt=\"\" width=\"450\" height=\"450\" srcset=\"https:\/\/miniaturstuhl.de\/wp-content\/uploads\/2021\/02\/Rietveld_Kistenstuhl_06.jpg 450w, https:\/\/miniaturstuhl.de\/wp-content\/uploads\/2021\/02\/Rietveld_Kistenstuhl_06-300x300.jpg 300w, https:\/\/miniaturstuhl.de\/wp-content\/uploads\/2021\/02\/Rietveld_Kistenstuhl_06-150x150.jpg 150w\" sizes=\"auto, (max-width: 450px) 100vw, 450px\" \/><br \/>\n<span style=\"color: #999999;\">Kisten-Schreibtischstuhl<\/span><\/p>\n<p><img loading=\"lazy\" decoding=\"async\" class=\"alignnone size-full wp-image-12916\" src=\"https:\/\/miniaturstuhl.de\/wp-content\/uploads\/2021\/02\/Rietveld_Kistenstuhl_07.jpg\" alt=\"\" width=\"450\" height=\"450\" srcset=\"https:\/\/miniaturstuhl.de\/wp-content\/uploads\/2021\/02\/Rietveld_Kistenstuhl_07.jpg 450w, https:\/\/miniaturstuhl.de\/wp-content\/uploads\/2021\/02\/Rietveld_Kistenstuhl_07-300x300.jpg 300w, https:\/\/miniaturstuhl.de\/wp-content\/uploads\/2021\/02\/Rietveld_Kistenstuhl_07-150x150.jpg 150w\" sizes=\"auto, (max-width: 450px) 100vw, 450px\" \/><\/p>\n<p>&nbsp;<\/p>\n<p><img loading=\"lazy\" decoding=\"async\" class=\"alignnone size-full wp-image-12918\" src=\"https:\/\/miniaturstuhl.de\/wp-content\/uploads\/2021\/02\/Rietveld_Kistenstuhl_04.jpg\" alt=\"\" width=\"450\" height=\"450\" srcset=\"https:\/\/miniaturstuhl.de\/wp-content\/uploads\/2021\/02\/Rietveld_Kistenstuhl_04.jpg 450w, https:\/\/miniaturstuhl.de\/wp-content\/uploads\/2021\/02\/Rietveld_Kistenstuhl_04-300x300.jpg 300w, https:\/\/miniaturstuhl.de\/wp-content\/uploads\/2021\/02\/Rietveld_Kistenstuhl_04-150x150.jpg 150w\" sizes=\"auto, (max-width: 450px) 100vw, 450px\" \/><br \/>\n<span style=\"color: #999999;\">Kistenstuhl (niedrig)<\/span><\/p>\n<p><img loading=\"lazy\" decoding=\"async\" class=\"alignnone size-full wp-image-12919\" src=\"https:\/\/miniaturstuhl.de\/wp-content\/uploads\/2021\/02\/Rietveld_Kistenstuhl_05.jpg\" alt=\"\" width=\"450\" height=\"450\" srcset=\"https:\/\/miniaturstuhl.de\/wp-content\/uploads\/2021\/02\/Rietveld_Kistenstuhl_05.jpg 450w, https:\/\/miniaturstuhl.de\/wp-content\/uploads\/2021\/02\/Rietveld_Kistenstuhl_05-300x300.jpg 300w, https:\/\/miniaturstuhl.de\/wp-content\/uploads\/2021\/02\/Rietveld_Kistenstuhl_05-150x150.jpg 150w\" sizes=\"auto, (max-width: 450px) 100vw, 450px\" \/><\/p>\n","protected":false},"excerpt":{"rendered":"<p>Miniaturen &#8222;Kistenstuhl&#8220; Der niedrige Kistenstuhl und der etwas h\u00f6here Kisten-Schreibtischstuhl geh\u00f6rt zu einer M\u00f6belserie, die Gerrit Rietveld im Jahr 1934 entwarf. Die Kistenm\u00f6bel, so nannte Rietveld sie, bestanden aus einfachen, miteinander verschraubten Kiefernbrettern in 18 mm Dicke, 145 mm Breite und\u00a0 verschiedenen L\u00e4ngen. Zur M\u00f6belserie, die u.a. zur Einrichtung von Wochenendh\u00e4usern, Studentenwohnungen und Kinderzimmern entworfen &hellip; <a href=\"https:\/\/miniaturstuhl.de\/?p=3355\" class=\"more-link\"><span class=\"screen-reader-text\">Gerrit T. Rietveld<\/span> weiterlesen<\/a><\/p>\n","protected":false},"author":1,"featured_media":0,"comment_status":"closed","ping_status":"open","sticky":false,"template":"","format":"standard","meta":{"_jetpack_memberships_contains_paid_content":false,"footnotes":""},"categories":[119,87],"tags":[],"class_list":["post-3355","post","type-post","status-publish","format-standard","hentry","category-1919-1944","category-rietveld"],"jetpack_featured_media_url":"","jetpack_sharing_enabled":true,"_links":{"self":[{"href":"https:\/\/miniaturstuhl.de\/index.php?rest_route=\/wp\/v2\/posts\/3355","targetHints":{"allow":["GET"]}}],"collection":[{"href":"https:\/\/miniaturstuhl.de\/index.php?rest_route=\/wp\/v2\/posts"}],"about":[{"href":"https:\/\/miniaturstuhl.de\/index.php?rest_route=\/wp\/v2\/types\/post"}],"author":[{"embeddable":true,"href":"https:\/\/miniaturstuhl.de\/index.php?rest_route=\/wp\/v2\/users\/1"}],"replies":[{"embeddable":true,"href":"https:\/\/miniaturstuhl.de\/index.php?rest_route=%2Fwp%2Fv2%2Fcomments&post=3355"}],"version-history":[{"count":11,"href":"https:\/\/miniaturstuhl.de\/index.php?rest_route=\/wp\/v2\/posts\/3355\/revisions"}],"predecessor-version":[{"id":7354,"href":"https:\/\/miniaturstuhl.de\/index.php?rest_route=\/wp\/v2\/posts\/3355\/revisions\/7354"}],"wp:attachment":[{"href":"https:\/\/miniaturstuhl.de\/index.php?rest_route=%2Fwp%2Fv2%2Fmedia&parent=3355"}],"wp:term":[{"taxonomy":"category","embeddable":true,"href":"https:\/\/miniaturstuhl.de\/index.php?rest_route=%2Fwp%2Fv2%2Fcategories&post=3355"},{"taxonomy":"post_tag","embeddable":true,"href":"https:\/\/miniaturstuhl.de\/index.php?rest_route=%2Fwp%2Fv2%2Ftags&post=3355"}],"curies":[{"name":"wp","href":"https:\/\/api.w.org\/{rel}","templated":true}]}}