{"id":3262,"date":"2012-12-09T05:33:50","date_gmt":"2012-12-09T04:33:50","guid":{"rendered":"http:\/\/miniaturstuhl.de\/?p=3262"},"modified":"2012-12-08T20:04:36","modified_gmt":"2012-12-08T19:04:36","slug":"andrea-branzi","status":"publish","type":"post","link":"https:\/\/miniaturstuhl.de\/?p=3262","title":{"rendered":"Andrea Branzi"},"content":{"rendered":"<p><span style=\"color: #3366ff;\"><strong>Miniatur &#8222;Animali Domestici&#8220;<\/strong><\/span><\/p>\n<p><img loading=\"lazy\" decoding=\"async\" class=\"alignnone size-full wp-image-3335\" title=\"Branzi,-Animali-Domest-01\" src=\"https:\/\/miniaturstuhl.de\/wp-content\/uploads\/2012\/11\/Branzi-Animali-Domest-01.jpg\" alt=\"\" width=\"449\" height=\"220\" srcset=\"https:\/\/miniaturstuhl.de\/wp-content\/uploads\/2012\/11\/Branzi-Animali-Domest-01.jpg 449w, https:\/\/miniaturstuhl.de\/wp-content\/uploads\/2012\/11\/Branzi-Animali-Domest-01-300x146.jpg 300w\" sizes=\"auto, (max-width: 449px) 100vw, 449px\" \/><\/p>\n<p><span style=\"color: #000000;\">Der italienische Architekt und Designer Andrea Branzi entwarf im Jahr 1985 St\u00fchle, Sessel und B\u00e4nke unter der Bezeichnung Animali Domestici. Die M\u00f6belobjekte bestehen teilweise aus industriell gefertigten und lackierten Holzelementen sowie Birkenholzzweigen und -st\u00e4mmen. Meine Miniatur im Ma\u00dfstab 1:6\u00a0 wurde vom Vitra Design Museum in einer Auflage von 10 Exemplaren produziert.\u00a0 Je eine der Miniaturen befindet sich in den vier S\u00e4tzen der Miniaturenausstellung<\/span><\/p>\n<p><span style=\"color: #3366ff;\">\u201eDesignma\u00dfst\u00e4be\u00a0 \u2013 100 klassische Sitzm\u00f6bel\u201c.<\/span><\/p>\n<p>Seit Juni 1997 werden die vier Ausstellungss\u00e4tze des Vitra Design Museums weltweit parallel gezeigt. Im Katalog zur Ausstellung ist die Miniatur unter der Position 93 aufgef\u00fchrt.<\/p>\n<p>Ma\u00dfe: 100 x 100 mm, 162 mm hoch.<\/p>\n<p>Der quadratische Sitz und die runden Stuhlbeine meiner Miniatur sind aus Holz hergestellt und taubenblau lackiert. Die R\u00fcckenlehne und Armlehnen sind aus geteilten Birkenholzzweigen angefertigt. Die Farbe und Struktur der Baumrinde ist originalgetreu reproduziert.<\/p>\n<p><span style=\"color: #000000;\"><img loading=\"lazy\" decoding=\"async\" class=\"alignnone size-full wp-image-3336\" title=\"Branzi,-Animali-Domest-02\" src=\"https:\/\/miniaturstuhl.de\/wp-content\/uploads\/2012\/11\/Branzi-Animali-Domest-02.jpg\" alt=\"\" width=\"220\" height=\"220\" srcset=\"https:\/\/miniaturstuhl.de\/wp-content\/uploads\/2012\/11\/Branzi-Animali-Domest-02.jpg 220w, https:\/\/miniaturstuhl.de\/wp-content\/uploads\/2012\/11\/Branzi-Animali-Domest-02-150x150.jpg 150w\" sizes=\"auto, (max-width: 220px) 100vw, 220px\" \/>\u00a0 <img loading=\"lazy\" decoding=\"async\" class=\"alignnone size-full wp-image-3337\" title=\"Branzi,-Animali-Domest-03\" src=\"https:\/\/miniaturstuhl.de\/wp-content\/uploads\/2012\/12\/Branzi-Animali-Domest-03.jpg\" alt=\"\" width=\"220\" height=\"220\" srcset=\"https:\/\/miniaturstuhl.de\/wp-content\/uploads\/2012\/12\/Branzi-Animali-Domest-03.jpg 220w, https:\/\/miniaturstuhl.de\/wp-content\/uploads\/2012\/12\/Branzi-Animali-Domest-03-150x150.jpg 150w\" sizes=\"auto, (max-width: 220px) 100vw, 220px\" \/><\/span><\/p>\n<p><span style=\"color: #000000;\"><img loading=\"lazy\" decoding=\"async\" class=\"alignnone size-full wp-image-3338\" title=\"Branzi,-Animali-Domest-04\" src=\"https:\/\/miniaturstuhl.de\/wp-content\/uploads\/2012\/12\/Branzi-Animali-Domest-04.jpg\" alt=\"\" width=\"220\" height=\"220\" srcset=\"https:\/\/miniaturstuhl.de\/wp-content\/uploads\/2012\/12\/Branzi-Animali-Domest-04.jpg 220w, https:\/\/miniaturstuhl.de\/wp-content\/uploads\/2012\/12\/Branzi-Animali-Domest-04-150x150.jpg 150w\" sizes=\"auto, (max-width: 220px) 100vw, 220px\" \/>\u00a0<\/span> <img loading=\"lazy\" decoding=\"async\" class=\"alignnone size-full wp-image-3339\" title=\"Branzi,-Animali-Domest-05\" src=\"https:\/\/miniaturstuhl.de\/wp-content\/uploads\/2012\/12\/Branzi-Animali-Domest-05.jpg\" alt=\"\" width=\"220\" height=\"220\" srcset=\"https:\/\/miniaturstuhl.de\/wp-content\/uploads\/2012\/12\/Branzi-Animali-Domest-05.jpg 220w, https:\/\/miniaturstuhl.de\/wp-content\/uploads\/2012\/12\/Branzi-Animali-Domest-05-150x150.jpg 150w\" sizes=\"auto, (max-width: 220px) 100vw, 220px\" \/><\/p>\n<p>&nbsp;<\/p>\n","protected":false},"excerpt":{"rendered":"<p>Miniatur &#8222;Animali Domestici&#8220; Der italienische Architekt und Designer Andrea Branzi entwarf im Jahr 1985 St\u00fchle, Sessel und B\u00e4nke unter der Bezeichnung Animali Domestici. Die M\u00f6belobjekte bestehen teilweise aus industriell gefertigten und lackierten Holzelementen sowie Birkenholzzweigen und -st\u00e4mmen. Meine Miniatur im Ma\u00dfstab 1:6\u00a0 wurde vom Vitra Design Museum in einer Auflage von 10 Exemplaren produziert.\u00a0 Je &hellip; <a href=\"https:\/\/miniaturstuhl.de\/?p=3262\" class=\"more-link\"><span class=\"screen-reader-text\">Andrea Branzi<\/span> weiterlesen<\/a><\/p>\n","protected":false},"author":1,"featured_media":0,"comment_status":"closed","ping_status":"open","sticky":false,"template":"","format":"standard","meta":{"_jetpack_memberships_contains_paid_content":false,"footnotes":""},"categories":[121,27],"tags":[],"class_list":["post-3262","post","type-post","status-publish","format-standard","hentry","category-1971-1999","category-branzi"],"jetpack_featured_media_url":"","jetpack_sharing_enabled":true,"_links":{"self":[{"href":"https:\/\/miniaturstuhl.de\/index.php?rest_route=\/wp\/v2\/posts\/3262","targetHints":{"allow":["GET"]}}],"collection":[{"href":"https:\/\/miniaturstuhl.de\/index.php?rest_route=\/wp\/v2\/posts"}],"about":[{"href":"https:\/\/miniaturstuhl.de\/index.php?rest_route=\/wp\/v2\/types\/post"}],"author":[{"embeddable":true,"href":"https:\/\/miniaturstuhl.de\/index.php?rest_route=\/wp\/v2\/users\/1"}],"replies":[{"embeddable":true,"href":"https:\/\/miniaturstuhl.de\/index.php?rest_route=%2Fwp%2Fv2%2Fcomments&post=3262"}],"version-history":[{"count":18,"href":"https:\/\/miniaturstuhl.de\/index.php?rest_route=\/wp\/v2\/posts\/3262\/revisions"}],"predecessor-version":[{"id":3353,"href":"https:\/\/miniaturstuhl.de\/index.php?rest_route=\/wp\/v2\/posts\/3262\/revisions\/3353"}],"wp:attachment":[{"href":"https:\/\/miniaturstuhl.de\/index.php?rest_route=%2Fwp%2Fv2%2Fmedia&parent=3262"}],"wp:term":[{"taxonomy":"category","embeddable":true,"href":"https:\/\/miniaturstuhl.de\/index.php?rest_route=%2Fwp%2Fv2%2Fcategories&post=3262"},{"taxonomy":"post_tag","embeddable":true,"href":"https:\/\/miniaturstuhl.de\/index.php?rest_route=%2Fwp%2Fv2%2Ftags&post=3262"}],"curies":[{"name":"wp","href":"https:\/\/api.w.org\/{rel}","templated":true}]}}