{"id":2812,"date":"2012-06-24T06:55:11","date_gmt":"2012-06-24T05:55:11","guid":{"rendered":"http:\/\/miniaturstuhl.de\/?p=2812"},"modified":"2012-06-23T16:49:44","modified_gmt":"2012-06-23T15:49:44","slug":"carl-malmsten","status":"publish","type":"post","link":"https:\/\/miniaturstuhl.de\/?p=2812","title":{"rendered":"Carl Malmsten"},"content":{"rendered":"<p><span style=\"color: #3366ff;\"><strong>Miniatur &#8222;Lilla Lilla \u00c5land&#8220;<\/strong><\/span><\/p>\n<p><img loading=\"lazy\" decoding=\"async\" class=\"alignnone size-full wp-image-2813\" title=\"Malmsten,-Lilla-Aland.01\" src=\"https:\/\/miniaturstuhl.de\/wp-content\/uploads\/2012\/06\/Malmsten-Lilla-Aland.01.jpg\" alt=\"\" width=\"452\" height=\"242\" srcset=\"https:\/\/miniaturstuhl.de\/wp-content\/uploads\/2012\/06\/Malmsten-Lilla-Aland.01.jpg 452w, https:\/\/miniaturstuhl.de\/wp-content\/uploads\/2012\/06\/Malmsten-Lilla-Aland.01-300x160.jpg 300w\" sizes=\"auto, (max-width: 452px) 100vw, 452px\" \/><\/p>\n<p>Der schwedische Designer Carl Malmsten entwarf 1942 den Stuhl Lilla <span style=\"color: #000000;\">\u00c5land<\/span>. Inspiration fand Carl Malmsten in\u00a0 der Sakristei der Kirche in Finstr\u00f6m auf den \u00c5land Inseln. Der schwedische M\u00f6belhersteller Stolab produzierte anl\u00e4sslich &#8222;70 Jahre Lilla \u00c5land&#8220; die Miniatur Lilla Lilla \u00c5land im Ma\u00dfstab 1:6 in einer Auflage von 1000 Exemplaren.<\/p>\n<p><img loading=\"lazy\" decoding=\"async\" class=\"alignnone size-full wp-image-2814\" title=\"Malmsten,-Lilla-Aland.02\" src=\"https:\/\/miniaturstuhl.de\/wp-content\/uploads\/2012\/06\/Malmsten-Lilla-Aland.02.jpg\" alt=\"\" width=\"220\" height=\"220\" srcset=\"https:\/\/miniaturstuhl.de\/wp-content\/uploads\/2012\/06\/Malmsten-Lilla-Aland.02.jpg 220w, https:\/\/miniaturstuhl.de\/wp-content\/uploads\/2012\/06\/Malmsten-Lilla-Aland.02-150x150.jpg 150w\" sizes=\"auto, (max-width: 220px) 100vw, 220px\" \/>\u00a0 <img loading=\"lazy\" decoding=\"async\" class=\"alignnone size-full wp-image-2815\" title=\"Malmsten,-Lilla-Aland.03\" src=\"https:\/\/miniaturstuhl.de\/wp-content\/uploads\/2012\/06\/Malmsten-Lilla-Aland.03.jpg\" alt=\"\" width=\"220\" height=\"220\" srcset=\"https:\/\/miniaturstuhl.de\/wp-content\/uploads\/2012\/06\/Malmsten-Lilla-Aland.03.jpg 220w, https:\/\/miniaturstuhl.de\/wp-content\/uploads\/2012\/06\/Malmsten-Lilla-Aland.03-150x150.jpg 150w\" sizes=\"auto, (max-width: 220px) 100vw, 220px\" \/><\/p>\n<p>Ma\u00dfe: 78 x 96 mm, 151 mm hoch.<\/p>\n<p>Die Miniatur aus runden Gestellelementen und dem massiven Sitz ist komplett in Holz angefertigt und schwarz lackiert. Unter dem Sitz ist ein Label mit der Numerierung 496\/1000 angebracht. Die Miniatur wird in einem sauber verarbeiteten und bedruckten Holzkistchen geliefert. Eine kleine gedruckte Information geh\u00f6rt zum Lieferumfang.<\/p>\n<p><img loading=\"lazy\" decoding=\"async\" class=\"alignnone size-full wp-image-2816\" title=\"Malmsten,-Lilla-Aland.04\" src=\"https:\/\/miniaturstuhl.de\/wp-content\/uploads\/2012\/06\/Malmsten-Lilla-Aland.04.jpg\" alt=\"\" width=\"242\" height=\"174\" \/>\u00a0 <img loading=\"lazy\" decoding=\"async\" class=\"alignnone size-full wp-image-2817\" title=\"Malmsten,-Lilla-Aland.05\" src=\"https:\/\/miniaturstuhl.de\/wp-content\/uploads\/2012\/06\/Malmsten-Lilla-Aland.05.jpg\" alt=\"\" width=\"198\" height=\"174\" \/><\/p>\n","protected":false},"excerpt":{"rendered":"<p>Miniatur &#8222;Lilla Lilla \u00c5land&#8220; Der schwedische Designer Carl Malmsten entwarf 1942 den Stuhl Lilla \u00c5land. Inspiration fand Carl Malmsten in\u00a0 der Sakristei der Kirche in Finstr\u00f6m auf den \u00c5land Inseln. Der schwedische M\u00f6belhersteller Stolab produzierte anl\u00e4sslich &#8222;70 Jahre Lilla \u00c5land&#8220; die Miniatur Lilla Lilla \u00c5land im Ma\u00dfstab 1:6 in einer Auflage von 1000 Exemplaren. \u00a0 &hellip; <a href=\"https:\/\/miniaturstuhl.de\/?p=2812\" class=\"more-link\"><span class=\"screen-reader-text\">Carl Malmsten<\/span> weiterlesen<\/a><\/p>\n","protected":false},"author":1,"featured_media":0,"comment_status":"closed","ping_status":"open","sticky":false,"template":"","format":"standard","meta":{"_jetpack_memberships_contains_paid_content":false,"footnotes":""},"categories":[119,134],"tags":[],"class_list":["post-2812","post","type-post","status-publish","format-standard","hentry","category-1919-1944","category-malmsten"],"jetpack_featured_media_url":"","jetpack_sharing_enabled":true,"_links":{"self":[{"href":"https:\/\/miniaturstuhl.de\/index.php?rest_route=\/wp\/v2\/posts\/2812","targetHints":{"allow":["GET"]}}],"collection":[{"href":"https:\/\/miniaturstuhl.de\/index.php?rest_route=\/wp\/v2\/posts"}],"about":[{"href":"https:\/\/miniaturstuhl.de\/index.php?rest_route=\/wp\/v2\/types\/post"}],"author":[{"embeddable":true,"href":"https:\/\/miniaturstuhl.de\/index.php?rest_route=\/wp\/v2\/users\/1"}],"replies":[{"embeddable":true,"href":"https:\/\/miniaturstuhl.de\/index.php?rest_route=%2Fwp%2Fv2%2Fcomments&post=2812"}],"version-history":[{"count":15,"href":"https:\/\/miniaturstuhl.de\/index.php?rest_route=\/wp\/v2\/posts\/2812\/revisions"}],"predecessor-version":[{"id":2834,"href":"https:\/\/miniaturstuhl.de\/index.php?rest_route=\/wp\/v2\/posts\/2812\/revisions\/2834"}],"wp:attachment":[{"href":"https:\/\/miniaturstuhl.de\/index.php?rest_route=%2Fwp%2Fv2%2Fmedia&parent=2812"}],"wp:term":[{"taxonomy":"category","embeddable":true,"href":"https:\/\/miniaturstuhl.de\/index.php?rest_route=%2Fwp%2Fv2%2Fcategories&post=2812"},{"taxonomy":"post_tag","embeddable":true,"href":"https:\/\/miniaturstuhl.de\/index.php?rest_route=%2Fwp%2Fv2%2Ftags&post=2812"}],"curies":[{"name":"wp","href":"https:\/\/api.w.org\/{rel}","templated":true}]}}