{"id":2676,"date":"2012-06-17T06:03:37","date_gmt":"2012-06-17T05:03:37","guid":{"rendered":"http:\/\/miniaturstuhl.de\/?p=2676"},"modified":"2012-06-17T09:56:57","modified_gmt":"2012-06-17T08:56:57","slug":"jesus-gasca","status":"publish","type":"post","link":"https:\/\/miniaturstuhl.de\/?p=2676","title":{"rendered":"Jes\u00fas Gasca"},"content":{"rendered":"<p><strong><span style=\"color: #3366ff;\">Miniatur Globus<\/span><\/strong><\/p>\n<p><img loading=\"lazy\" decoding=\"async\" class=\"alignnone size-full wp-image-2751\" title=\"Gasca-Globus-01_1\" src=\"https:\/\/miniaturstuhl.de\/wp-content\/uploads\/2012\/06\/Gasca-Globus-01_1.jpg\" alt=\"\" width=\"220\" height=\"220\" srcset=\"https:\/\/miniaturstuhl.de\/wp-content\/uploads\/2012\/06\/Gasca-Globus-01_1.jpg 220w, https:\/\/miniaturstuhl.de\/wp-content\/uploads\/2012\/06\/Gasca-Globus-01_1-150x150.jpg 150w\" sizes=\"auto, (max-width: 220px) 100vw, 220px\" \/>\u00a0 <img loading=\"lazy\" decoding=\"async\" class=\"alignnone size-full wp-image-2678\" title=\"Gasca-Globus-02\" src=\"https:\/\/miniaturstuhl.de\/wp-content\/uploads\/2012\/05\/Gasca-Globus-02.jpg\" alt=\"\" width=\"220\" height=\"220\" srcset=\"https:\/\/miniaturstuhl.de\/wp-content\/uploads\/2012\/05\/Gasca-Globus-02.jpg 220w, https:\/\/miniaturstuhl.de\/wp-content\/uploads\/2012\/05\/Gasca-Globus-02-150x150.jpg 150w\" sizes=\"auto, (max-width: 220px) 100vw, 220px\" \/><\/p>\n<p>Der Designer Jes\u00fas Gasca und Gr\u00fcnder der spanischen M\u00f6belfirma Stua entwarf den Stuhl Globus im Jahr 1994. Die Miniatur im Ma\u00dfstab 1:6 wurde vom Vitra Design Museum f\u00fcr Stua produziert und kann \u00fcber Stua H\u00e4ndler bezogen werden.<\/p>\n<p>Ma\u00dfe: 82 x 91 mm, 141 mm hoch.<\/p>\n<p>Sitz- und R\u00fcckenelement aus verformtem, schichtverleimtem Sperrholz, wengefarbig gebeizt und lackiert, Gestell aus gebogenem Eisendraht, verchromt und mit schwarzen Gleitern.<\/p>\n","protected":false},"excerpt":{"rendered":"<p>Miniatur Globus \u00a0 Der Designer Jes\u00fas Gasca und Gr\u00fcnder der spanischen M\u00f6belfirma Stua entwarf den Stuhl Globus im Jahr 1994. Die Miniatur im Ma\u00dfstab 1:6 wurde vom Vitra Design Museum f\u00fcr Stua produziert und kann \u00fcber Stua H\u00e4ndler bezogen werden. Ma\u00dfe: 82 x 91 mm, 141 mm hoch. Sitz- und R\u00fcckenelement aus verformtem, schichtverleimtem Sperrholz, &hellip; <a href=\"https:\/\/miniaturstuhl.de\/?p=2676\" class=\"more-link\"><span class=\"screen-reader-text\">Jes\u00fas Gasca<\/span> weiterlesen<\/a><\/p>\n","protected":false},"author":1,"featured_media":0,"comment_status":"closed","ping_status":"open","sticky":false,"template":"","format":"standard","meta":{"_jetpack_memberships_contains_paid_content":false,"footnotes":""},"categories":[121,40],"tags":[],"class_list":["post-2676","post","type-post","status-publish","format-standard","hentry","category-1971-1999","category-gasca"],"jetpack_featured_media_url":"","jetpack_sharing_enabled":true,"_links":{"self":[{"href":"https:\/\/miniaturstuhl.de\/index.php?rest_route=\/wp\/v2\/posts\/2676","targetHints":{"allow":["GET"]}}],"collection":[{"href":"https:\/\/miniaturstuhl.de\/index.php?rest_route=\/wp\/v2\/posts"}],"about":[{"href":"https:\/\/miniaturstuhl.de\/index.php?rest_route=\/wp\/v2\/types\/post"}],"author":[{"embeddable":true,"href":"https:\/\/miniaturstuhl.de\/index.php?rest_route=\/wp\/v2\/users\/1"}],"replies":[{"embeddable":true,"href":"https:\/\/miniaturstuhl.de\/index.php?rest_route=%2Fwp%2Fv2%2Fcomments&post=2676"}],"version-history":[{"count":8,"href":"https:\/\/miniaturstuhl.de\/index.php?rest_route=\/wp\/v2\/posts\/2676\/revisions"}],"predecessor-version":[{"id":2754,"href":"https:\/\/miniaturstuhl.de\/index.php?rest_route=\/wp\/v2\/posts\/2676\/revisions\/2754"}],"wp:attachment":[{"href":"https:\/\/miniaturstuhl.de\/index.php?rest_route=%2Fwp%2Fv2%2Fmedia&parent=2676"}],"wp:term":[{"taxonomy":"category","embeddable":true,"href":"https:\/\/miniaturstuhl.de\/index.php?rest_route=%2Fwp%2Fv2%2Fcategories&post=2676"},{"taxonomy":"post_tag","embeddable":true,"href":"https:\/\/miniaturstuhl.de\/index.php?rest_route=%2Fwp%2Fv2%2Ftags&post=2676"}],"curies":[{"name":"wp","href":"https:\/\/api.w.org\/{rel}","templated":true}]}}