{"id":2662,"date":"2012-06-10T06:19:41","date_gmt":"2012-06-10T05:19:41","guid":{"rendered":"http:\/\/miniaturstuhl.de\/?p=2662"},"modified":"2012-05-28T09:32:53","modified_gmt":"2012-05-28T08:32:53","slug":"mario-bellini-2","status":"publish","type":"post","link":"https:\/\/miniaturstuhl.de\/?p=2662","title":{"rendered":"Mario Bellini"},"content":{"rendered":"<p><span style=\"color: #3366ff;\"><strong>Miniatur <\/strong><\/span><span style=\"color: #3366ff;\"><strong>Cab Chair, <\/strong><\/span><span style=\"color: #3366ff;\"><strong>No. 412<br \/>\n<\/strong><\/span><\/p>\n<p><img loading=\"lazy\" decoding=\"async\" class=\"alignnone size-full wp-image-2663\" title=\"Bellini-No.412-Cab-01\" src=\"https:\/\/miniaturstuhl.de\/wp-content\/uploads\/2012\/05\/Bellini-No.412-Cab-01.jpg\" alt=\"\" width=\"220\" height=\"220\" srcset=\"https:\/\/miniaturstuhl.de\/wp-content\/uploads\/2012\/05\/Bellini-No.412-Cab-01.jpg 220w, https:\/\/miniaturstuhl.de\/wp-content\/uploads\/2012\/05\/Bellini-No.412-Cab-01-150x150.jpg 150w\" sizes=\"auto, (max-width: 220px) 100vw, 220px\" \/>\u00a0 <img loading=\"lazy\" decoding=\"async\" class=\"alignnone size-full wp-image-2664\" title=\"Bellini-No.412-Cab-02\" src=\"https:\/\/miniaturstuhl.de\/wp-content\/uploads\/2012\/05\/Bellini-No.412-Cab-02.jpg\" alt=\"\" width=\"220\" height=\"220\" srcset=\"https:\/\/miniaturstuhl.de\/wp-content\/uploads\/2012\/05\/Bellini-No.412-Cab-02.jpg 220w, https:\/\/miniaturstuhl.de\/wp-content\/uploads\/2012\/05\/Bellini-No.412-Cab-02-150x150.jpg 150w\" sizes=\"auto, (max-width: 220px) 100vw, 220px\" \/><br \/>\n<img loading=\"lazy\" decoding=\"async\" class=\"alignnone size-full wp-image-2665\" title=\"Bellini-No.412-Cab-03\" src=\"https:\/\/miniaturstuhl.de\/wp-content\/uploads\/2012\/05\/Bellini-No.412-Cab-03.jpg\" alt=\"\" width=\"220\" height=\"154\" \/><\/p>\n<p>Mario Bellini entwarf den Cab Chair im Jahr 1976. Das Vitra Design Museum produzierte die Miniatur im Ma\u00dfstab 1:6 im Jahr 1997 in einer sehr kleinen Auflage. Vier Miniaturen waren f\u00fcr die vom Vitra Design Museum ins Leben gerufene Miniaturenausstellung \u201cDesignma\u00dfst\u00e4be \u2013 100 klassische Sitzm\u00f6bel\u201d bestimmt. Meine Miniatur stammt aus der geringen Mehrproduktion.<\/p>\n<p>Ma\u00dfe: 84 x 75 mm, 138 mm hoch.<\/p>\n<p>Das Metallgestell der Miniatur ist v\u00f6llig mit Leder ummantelt. Das oxidrote Leder ist mit wei\u00dfen N\u00e4hnten abgesteppt.<\/p>\n","protected":false},"excerpt":{"rendered":"<p>Miniatur Cab Chair, No. 412 \u00a0 Mario Bellini entwarf den Cab Chair im Jahr 1976. Das Vitra Design Museum produzierte die Miniatur im Ma\u00dfstab 1:6 im Jahr 1997 in einer sehr kleinen Auflage. Vier Miniaturen waren f\u00fcr die vom Vitra Design Museum ins Leben gerufene Miniaturenausstellung \u201cDesignma\u00dfst\u00e4be \u2013 100 klassische Sitzm\u00f6bel\u201d bestimmt. Meine Miniatur stammt &hellip; <a href=\"https:\/\/miniaturstuhl.de\/?p=2662\" class=\"more-link\"><span class=\"screen-reader-text\">Mario Bellini<\/span> weiterlesen<\/a><\/p>\n","protected":false},"author":1,"featured_media":0,"comment_status":"closed","ping_status":"open","sticky":false,"template":"","format":"standard","meta":{"_jetpack_memberships_contains_paid_content":false,"footnotes":""},"categories":[121,21],"tags":[],"class_list":["post-2662","post","type-post","status-publish","format-standard","hentry","category-1971-1999","category-bellini"],"jetpack_featured_media_url":"","jetpack_sharing_enabled":true,"_links":{"self":[{"href":"https:\/\/miniaturstuhl.de\/index.php?rest_route=\/wp\/v2\/posts\/2662","targetHints":{"allow":["GET"]}}],"collection":[{"href":"https:\/\/miniaturstuhl.de\/index.php?rest_route=\/wp\/v2\/posts"}],"about":[{"href":"https:\/\/miniaturstuhl.de\/index.php?rest_route=\/wp\/v2\/types\/post"}],"author":[{"embeddable":true,"href":"https:\/\/miniaturstuhl.de\/index.php?rest_route=\/wp\/v2\/users\/1"}],"replies":[{"embeddable":true,"href":"https:\/\/miniaturstuhl.de\/index.php?rest_route=%2Fwp%2Fv2%2Fcomments&post=2662"}],"version-history":[{"count":6,"href":"https:\/\/miniaturstuhl.de\/index.php?rest_route=\/wp\/v2\/posts\/2662\/revisions"}],"predecessor-version":[{"id":2702,"href":"https:\/\/miniaturstuhl.de\/index.php?rest_route=\/wp\/v2\/posts\/2662\/revisions\/2702"}],"wp:attachment":[{"href":"https:\/\/miniaturstuhl.de\/index.php?rest_route=%2Fwp%2Fv2%2Fmedia&parent=2662"}],"wp:term":[{"taxonomy":"category","embeddable":true,"href":"https:\/\/miniaturstuhl.de\/index.php?rest_route=%2Fwp%2Fv2%2Fcategories&post=2662"},{"taxonomy":"post_tag","embeddable":true,"href":"https:\/\/miniaturstuhl.de\/index.php?rest_route=%2Fwp%2Fv2%2Ftags&post=2662"}],"curies":[{"name":"wp","href":"https:\/\/api.w.org\/{rel}","templated":true}]}}