{"id":2619,"date":"2012-06-06T05:17:26","date_gmt":"2012-06-06T04:17:26","guid":{"rendered":"http:\/\/miniaturstuhl.de\/?p=2619"},"modified":"2020-06-27T15:23:32","modified_gmt":"2020-06-27T14:23:32","slug":"arne-jacobsen-2","status":"publish","type":"post","link":"https:\/\/miniaturstuhl.de\/?p=2619","title":{"rendered":"Arne Jacobsen"},"content":{"rendered":"<p><strong><span style=\"color: #3366ff;\">Miniatur 3107, &#8222;Siebener&#8220;<\/span><\/strong><\/p>\n<p><img loading=\"lazy\" decoding=\"async\" class=\"alignnone size-full wp-image-2715\" title=\"Jacobsen,-3107-Buche-02\" src=\"https:\/\/miniaturstuhl.de\/wp-content\/uploads\/2012\/06\/Jacobsen-3107-Buche-02.jpg\" alt=\"\" width=\"242\" height=\"242\" srcset=\"https:\/\/miniaturstuhl.de\/wp-content\/uploads\/2012\/06\/Jacobsen-3107-Buche-02.jpg 242w, https:\/\/miniaturstuhl.de\/wp-content\/uploads\/2012\/06\/Jacobsen-3107-Buche-02-150x150.jpg 150w\" sizes=\"auto, (max-width: 242px) 100vw, 242px\" \/>\u00a0 <img loading=\"lazy\" decoding=\"async\" class=\"alignnone size-full wp-image-2713\" title=\"Jacobsen,-Siebener\" src=\"https:\/\/miniaturstuhl.de\/wp-content\/uploads\/2012\/06\/Jacobsen-Siebener2.jpg\" alt=\"\" width=\"198\" height=\"139\" \/><\/p>\n<p>Arne Jacobsen entwarf den \u201cSiebener\u201d 1955. Die Miniatur in der Furnierausf\u00fchrung wird von 1:6 Design in D\u00e4nemark hergestellt. Der Ma\u00dfstab ist 1:6.<\/p>\n<p>Ma\u00dfe: 83 x 92 mm, 128 mm hoch.<\/p>\n<p>Die Sitzschale ist aus mehrlagig verleimtem und verformtem\u00a0 Furnierholz hergestellt. Das Untergestell aus vernickeltem Eisendraht ist mit den Stapelb\u00f6ckchen und unter der runden Kunststoffabdeckung am Sitz befestigt. Das Gestell ist mit schwarzen Stuhlgleitern ausgestattet.<\/p>\n<p>Die abgebildete Miniatur aus meiner Sammlung ist in Buche furniert. Heute wird die Miniatur in Ahorn und Nu\u00dfbaum angeboten.<\/p>\n","protected":false},"excerpt":{"rendered":"<p>Miniatur 3107, &#8222;Siebener&#8220; \u00a0 Arne Jacobsen entwarf den \u201cSiebener\u201d 1955. Die Miniatur in der Furnierausf\u00fchrung wird von 1:6 Design in D\u00e4nemark hergestellt. Der Ma\u00dfstab ist 1:6. Ma\u00dfe: 83 x 92 mm, 128 mm hoch. Die Sitzschale ist aus mehrlagig verleimtem und verformtem\u00a0 Furnierholz hergestellt. Das Untergestell aus vernickeltem Eisendraht ist mit den Stapelb\u00f6ckchen und unter &hellip; <a href=\"https:\/\/miniaturstuhl.de\/?p=2619\" class=\"more-link\"><span class=\"screen-reader-text\">Arne Jacobsen<\/span> weiterlesen<\/a><\/p>\n","protected":false},"author":1,"featured_media":0,"comment_status":"closed","ping_status":"open","sticky":false,"template":"","format":"standard","meta":{"_jetpack_memberships_contains_paid_content":false,"footnotes":""},"categories":[120,54],"tags":[],"class_list":["post-2619","post","type-post","status-publish","format-standard","hentry","category-1945-1970","category-jacobsen"],"jetpack_featured_media_url":"","jetpack_sharing_enabled":true,"_links":{"self":[{"href":"https:\/\/miniaturstuhl.de\/index.php?rest_route=\/wp\/v2\/posts\/2619","targetHints":{"allow":["GET"]}}],"collection":[{"href":"https:\/\/miniaturstuhl.de\/index.php?rest_route=\/wp\/v2\/posts"}],"about":[{"href":"https:\/\/miniaturstuhl.de\/index.php?rest_route=\/wp\/v2\/types\/post"}],"author":[{"embeddable":true,"href":"https:\/\/miniaturstuhl.de\/index.php?rest_route=\/wp\/v2\/users\/1"}],"replies":[{"embeddable":true,"href":"https:\/\/miniaturstuhl.de\/index.php?rest_route=%2Fwp%2Fv2%2Fcomments&post=2619"}],"version-history":[{"count":17,"href":"https:\/\/miniaturstuhl.de\/index.php?rest_route=\/wp\/v2\/posts\/2619\/revisions"}],"predecessor-version":[{"id":12475,"href":"https:\/\/miniaturstuhl.de\/index.php?rest_route=\/wp\/v2\/posts\/2619\/revisions\/12475"}],"wp:attachment":[{"href":"https:\/\/miniaturstuhl.de\/index.php?rest_route=%2Fwp%2Fv2%2Fmedia&parent=2619"}],"wp:term":[{"taxonomy":"category","embeddable":true,"href":"https:\/\/miniaturstuhl.de\/index.php?rest_route=%2Fwp%2Fv2%2Fcategories&post=2619"},{"taxonomy":"post_tag","embeddable":true,"href":"https:\/\/miniaturstuhl.de\/index.php?rest_route=%2Fwp%2Fv2%2Ftags&post=2619"}],"curies":[{"name":"wp","href":"https:\/\/api.w.org\/{rel}","templated":true}]}}