{"id":1984,"date":"2016-06-05T02:08:58","date_gmt":"2016-06-05T01:08:58","guid":{"rendered":"http:\/\/miniaturstuhl.de\/?p=1984"},"modified":"2016-06-05T09:48:42","modified_gmt":"2016-06-05T08:48:42","slug":"eero-saarinen-2","status":"publish","type":"post","link":"https:\/\/miniaturstuhl.de\/?p=1984","title":{"rendered":"Eero Saarinen"},"content":{"rendered":"<p><span style=\"color: #3366ff;\"><strong>Miniatur &#8222;Tulip Chair&#8220;<\/strong><\/span><\/p>\n<p><img loading=\"lazy\" decoding=\"async\" class=\"alignnone size-full wp-image-8780\" src=\"https:\/\/miniaturstuhl.de\/wp-content\/uploads\/2012\/02\/Saarinen-Tulip-Chair-001.jpg\" alt=\"Saarinen-Tulip-Chair-001\" width=\"448\" height=\"327\" srcset=\"https:\/\/miniaturstuhl.de\/wp-content\/uploads\/2012\/02\/Saarinen-Tulip-Chair-001.jpg 448w, https:\/\/miniaturstuhl.de\/wp-content\/uploads\/2012\/02\/Saarinen-Tulip-Chair-001-300x219.jpg 300w\" sizes=\"auto, (max-width: 448px) 100vw, 448px\" \/><\/p>\n<p>Den Tulip Chair entwarf\u00a0Eero Saarinen in den Jahren von 1953 bis 1956 f\u00fcr Knoll International. Zur Tulip Familie\u00a0geh\u00f6ren auch ein Sessel , Tische in verschiedenen\u00a0Gr\u00f6\u00dfen und ein Hocker. \u00a0Die damals v\u00f6llig neuen M\u00f6beltypen begn\u00fcgten sich mit nur einem zentralen S\u00e4ulenfu\u00df\u00a0und unterschieden sich erheblich von allen bisher bekannten M\u00f6belentw\u00fcrfen.\u00a0Die komplette Kollektion wird seit Produktionsbeginn im Jahr 1956 bis heute von Knoll International produziert.<\/p>\n<p><span style=\"color: #000000;\">Das Vitra Design Museum bietet\u00a0die Miniatur des Tulip Chairs\u00a0seit dem Jahr 2000 an.<\/span><\/p>\n<p>Ma\u00dfe der Miniatur: 83 x 89mm, 134 mm hoch.<\/p>\n<p>Ma\u00dfstab der Miniatur: 1:6<\/p>\n<p>Artikelnummer der Miniatur: 20251901<\/p>\n<p>Der zentrale S\u00e4ulenfu\u00df der Miniatur ist aus Aluminium\u00a0gegossen\u00a0und genau wie die aus Kunststoff angefertigte Sitzschale wei\u00df beschichtet. Das Sitzkissen aus Poly\u00e4therschaum ist mit rotem Veloursstoff bezogen und fest mit der Sitzschale verbunden.<\/p>\n<p>Zur Miniatur geh\u00f6rt ein Holzkistchen und eine kleine Informationsbrosch\u00fcre.<\/p>\n<p><img loading=\"lazy\" decoding=\"async\" class=\"alignnone size-full wp-image-8778\" src=\"https:\/\/miniaturstuhl.de\/wp-content\/uploads\/2012\/02\/Saarinen-Tulip-Chair-003.jpg\" alt=\"Saarinen-Tulip-Chair-003\" width=\"448\" height=\"327\" srcset=\"https:\/\/miniaturstuhl.de\/wp-content\/uploads\/2012\/02\/Saarinen-Tulip-Chair-003.jpg 448w, https:\/\/miniaturstuhl.de\/wp-content\/uploads\/2012\/02\/Saarinen-Tulip-Chair-003-300x219.jpg 300w\" sizes=\"auto, (max-width: 448px) 100vw, 448px\" \/><\/p>\n<p><img loading=\"lazy\" decoding=\"async\" class=\"alignnone size-full wp-image-8779\" src=\"https:\/\/miniaturstuhl.de\/wp-content\/uploads\/2012\/02\/Saarinen-Tulip-Chair-002.jpg\" alt=\"Saarinen-Tulip-Chair-002\" width=\"448\" height=\"327\" srcset=\"https:\/\/miniaturstuhl.de\/wp-content\/uploads\/2012\/02\/Saarinen-Tulip-Chair-002.jpg 448w, https:\/\/miniaturstuhl.de\/wp-content\/uploads\/2012\/02\/Saarinen-Tulip-Chair-002-300x219.jpg 300w\" sizes=\"auto, (max-width: 448px) 100vw, 448px\" \/><\/p>\n","protected":false},"excerpt":{"rendered":"<p>Miniatur &#8222;Tulip Chair&#8220; Den Tulip Chair entwarf\u00a0Eero Saarinen in den Jahren von 1953 bis 1956 f\u00fcr Knoll International. Zur Tulip Familie\u00a0geh\u00f6ren auch ein Sessel , Tische in verschiedenen\u00a0Gr\u00f6\u00dfen und ein Hocker. \u00a0Die damals v\u00f6llig neuen M\u00f6beltypen begn\u00fcgten sich mit nur einem zentralen S\u00e4ulenfu\u00df\u00a0und unterschieden sich erheblich von allen bisher bekannten M\u00f6belentw\u00fcrfen.\u00a0Die komplette Kollektion wird seit &hellip; <a href=\"https:\/\/miniaturstuhl.de\/?p=1984\" class=\"more-link\"><span class=\"screen-reader-text\">Eero Saarinen<\/span> weiterlesen<\/a><\/p>\n","protected":false},"author":1,"featured_media":0,"comment_status":"closed","ping_status":"open","sticky":false,"template":"","format":"standard","meta":{"_jetpack_memberships_contains_paid_content":false,"footnotes":""},"categories":[120,90],"tags":[],"class_list":["post-1984","post","type-post","status-publish","format-standard","hentry","category-1945-1970","category-saarinen"],"jetpack_featured_media_url":"","jetpack_sharing_enabled":true,"_links":{"self":[{"href":"https:\/\/miniaturstuhl.de\/index.php?rest_route=\/wp\/v2\/posts\/1984","targetHints":{"allow":["GET"]}}],"collection":[{"href":"https:\/\/miniaturstuhl.de\/index.php?rest_route=\/wp\/v2\/posts"}],"about":[{"href":"https:\/\/miniaturstuhl.de\/index.php?rest_route=\/wp\/v2\/types\/post"}],"author":[{"embeddable":true,"href":"https:\/\/miniaturstuhl.de\/index.php?rest_route=\/wp\/v2\/users\/1"}],"replies":[{"embeddable":true,"href":"https:\/\/miniaturstuhl.de\/index.php?rest_route=%2Fwp%2Fv2%2Fcomments&post=1984"}],"version-history":[{"count":14,"href":"https:\/\/miniaturstuhl.de\/index.php?rest_route=\/wp\/v2\/posts\/1984\/revisions"}],"predecessor-version":[{"id":8797,"href":"https:\/\/miniaturstuhl.de\/index.php?rest_route=\/wp\/v2\/posts\/1984\/revisions\/8797"}],"wp:attachment":[{"href":"https:\/\/miniaturstuhl.de\/index.php?rest_route=%2Fwp%2Fv2%2Fmedia&parent=1984"}],"wp:term":[{"taxonomy":"category","embeddable":true,"href":"https:\/\/miniaturstuhl.de\/index.php?rest_route=%2Fwp%2Fv2%2Fcategories&post=1984"},{"taxonomy":"post_tag","embeddable":true,"href":"https:\/\/miniaturstuhl.de\/index.php?rest_route=%2Fwp%2Fv2%2Ftags&post=1984"}],"curies":[{"name":"wp","href":"https:\/\/api.w.org\/{rel}","templated":true}]}}