{"id":14075,"date":"2026-03-14T22:28:34","date_gmt":"2026-03-14T21:28:34","guid":{"rendered":"https:\/\/miniaturstuhl.de\/?p=14075"},"modified":"2026-03-14T22:28:34","modified_gmt":"2026-03-14T21:28:34","slug":"hans-j-wegner","status":"publish","type":"post","link":"https:\/\/miniaturstuhl.de\/?p=14075","title":{"rendered":"Hans J. Wegner"},"content":{"rendered":"<p><strong><span style=\"color: #3366ff;\">Flag Halyard Chair\u00a0 pp225<\/span><\/strong><br \/>\n<strong><span style=\"color: #3366ff;\">Flaggenleinenstuhl<br \/>\n<\/span><\/strong><span style=\"color: #000000;\">Entwurf: 1950<br \/>\nMa\u00dfe: 200 x 230 mm, 160 mm hoch<br \/>\nMa\u00dfstab: 1:5<br \/>\nEdelstahl natur und lackiert, Schnur, Leder<br \/>\nKunstfell<\/span><\/p>\n<p><img loading=\"lazy\" decoding=\"async\" class=\"alignnone size-full wp-image-14079\" src=\"https:\/\/miniaturstuhl.de\/wp-content\/uploads\/2026\/03\/Flagleinenstuhl_02_Z506855.jpg\" alt=\"\" width=\"1200\" height=\"1200\" srcset=\"https:\/\/miniaturstuhl.de\/wp-content\/uploads\/2026\/03\/Flagleinenstuhl_02_Z506855.jpg 1200w, https:\/\/miniaturstuhl.de\/wp-content\/uploads\/2026\/03\/Flagleinenstuhl_02_Z506855-300x300.jpg 300w, https:\/\/miniaturstuhl.de\/wp-content\/uploads\/2026\/03\/Flagleinenstuhl_02_Z506855-1024x1024.jpg 1024w, https:\/\/miniaturstuhl.de\/wp-content\/uploads\/2026\/03\/Flagleinenstuhl_02_Z506855-150x150.jpg 150w, https:\/\/miniaturstuhl.de\/wp-content\/uploads\/2026\/03\/Flagleinenstuhl_02_Z506855-768x768.jpg 768w\" sizes=\"auto, (max-width: 1200px) 100vw, 1200px\" \/><\/p>\n<p style=\"font-weight: 400;\">Heute bekam ich eine neue Miniatur f\u00fcr meine Sammlung. Es ist der Flaggenleinenstuhl, den der d\u00e4nische M\u00f6beldesigners Hans J. Wegner im Jahr 1950 entwarf. Das gro\u00dfe Original wird von PP M\u00f8bler in Aller\u00f8d\/D\u00e4nemark produziert und dort unter der Bezeichnung pp225-Flag Halyard Chair gef\u00fchrt. Die ersten St\u00fchle hatten ein wei\u00dfes Untergestell wie diese Miniatur. Kurz darauf folgte eine Version mit gr\u00fcnem Untergestell und orangem Nackenkissen.<\/p>\n<p>\u201eMit einem Gestell aus massivem Edelstahl, 220 Metern speziell entwickelter Flaggenleine f\u00fcr Sitz und R\u00fcckenlehne und einem langhaarigen Schaffell, das die industrielle Strenge des Stahls abmildert, verk\u00f6rpert der Flag Halyard Chair den Inbegriff von Luxus und Entspannung.<\/p>\n<p style=\"font-weight: 400;\">Obwohl der Flag Halyard Chair futuristisch anmutet, entstand die Grundidee an einem hei\u00dfen Sommernachmittag unter eher allt\u00e4glichen Umst\u00e4nden. W\u00e4hrend die Kinder im seichten Wasser am Strand spielten, buddelte sich Wegner in den Sand und baute sich einen bequemen Stuhl, um die Ferien zu genie\u00dfen. Zur\u00fcck im Sommerhaus fertigte Wegner die ersten Skizzen an, basierend auf den Sitzwinkeln, die er am Strand entworfen hatte.<\/p>\n<p style=\"font-weight: 400;\">Trotz Wegners Vorliebe f\u00fcr Holz beweist er mit dem Flag Halyard Chair sein Innovationsgeschick und seinen Ideenreichtum. Er zollt damit den fr\u00fchen Modernisten wie Le Corbusier, Mies van der Rohe und Marcel Breuer Tribut. Wegner beweist seine Meisterschaft im Umgang mit Edelstahl mit der gleichen Eleganz, mit der er auch Holz meisterhaft beherrscht.\u201c<\/p>\n<p style=\"font-weight: 400;\">Die Miniatur wurde von Tatsufumi Takasaki in Fukuoka\/Japan gefertigt, der dort unter dem Pseudonym Jonny T. in seinem Unternehmen TT M\u00f8bler knapp 20 Stuhlmodelle von Hans J. Wegner im Ma\u00dfstab 1:5 realisiert. Seine <a href=\"https:\/\/www.ttmobler.jp\" target=\"_blank\" rel=\"noopener\">Website<\/a> pr\u00e4sentiert die Modelle \u00e4u\u00dferst informativ, zeigt verschiedene Produktionsschritte und l\u00e4sst die Sorgfalt erkennen, mit der Jonny T. die Miniaturen fertigt. Es ist ein wahrer Genuss, die Pr\u00e4zision und Handwerkskunst zu beobachten.<\/p>\n<p style=\"font-weight: 400;\"><img loading=\"lazy\" decoding=\"async\" class=\"alignnone size-full wp-image-14080\" src=\"https:\/\/miniaturstuhl.de\/wp-content\/uploads\/2026\/03\/Flagleinenstuhl_01_Z506854.jpg\" alt=\"\" width=\"1200\" height=\"1200\" srcset=\"https:\/\/miniaturstuhl.de\/wp-content\/uploads\/2026\/03\/Flagleinenstuhl_01_Z506854.jpg 1200w, https:\/\/miniaturstuhl.de\/wp-content\/uploads\/2026\/03\/Flagleinenstuhl_01_Z506854-300x300.jpg 300w, https:\/\/miniaturstuhl.de\/wp-content\/uploads\/2026\/03\/Flagleinenstuhl_01_Z506854-1024x1024.jpg 1024w, https:\/\/miniaturstuhl.de\/wp-content\/uploads\/2026\/03\/Flagleinenstuhl_01_Z506854-150x150.jpg 150w, https:\/\/miniaturstuhl.de\/wp-content\/uploads\/2026\/03\/Flagleinenstuhl_01_Z506854-768x768.jpg 768w\" sizes=\"auto, (max-width: 1200px) 100vw, 1200px\" \/><\/p>\n<p><img loading=\"lazy\" decoding=\"async\" class=\"alignnone size-full wp-image-14078\" src=\"https:\/\/miniaturstuhl.de\/wp-content\/uploads\/2026\/03\/Flagleinenstuhl_03_Z506857.jpg\" alt=\"\" width=\"1200\" height=\"1200\" srcset=\"https:\/\/miniaturstuhl.de\/wp-content\/uploads\/2026\/03\/Flagleinenstuhl_03_Z506857.jpg 1200w, https:\/\/miniaturstuhl.de\/wp-content\/uploads\/2026\/03\/Flagleinenstuhl_03_Z506857-300x300.jpg 300w, https:\/\/miniaturstuhl.de\/wp-content\/uploads\/2026\/03\/Flagleinenstuhl_03_Z506857-1024x1024.jpg 1024w, https:\/\/miniaturstuhl.de\/wp-content\/uploads\/2026\/03\/Flagleinenstuhl_03_Z506857-150x150.jpg 150w, https:\/\/miniaturstuhl.de\/wp-content\/uploads\/2026\/03\/Flagleinenstuhl_03_Z506857-768x768.jpg 768w\" sizes=\"auto, (max-width: 1200px) 100vw, 1200px\" \/><\/p>\n<p><img loading=\"lazy\" decoding=\"async\" class=\"alignnone size-full wp-image-14077\" src=\"https:\/\/miniaturstuhl.de\/wp-content\/uploads\/2026\/03\/Flagleinenstuhl_04_Z506859.jpg\" alt=\"\" width=\"1200\" height=\"1200\" srcset=\"https:\/\/miniaturstuhl.de\/wp-content\/uploads\/2026\/03\/Flagleinenstuhl_04_Z506859.jpg 1200w, https:\/\/miniaturstuhl.de\/wp-content\/uploads\/2026\/03\/Flagleinenstuhl_04_Z506859-300x300.jpg 300w, https:\/\/miniaturstuhl.de\/wp-content\/uploads\/2026\/03\/Flagleinenstuhl_04_Z506859-1024x1024.jpg 1024w, https:\/\/miniaturstuhl.de\/wp-content\/uploads\/2026\/03\/Flagleinenstuhl_04_Z506859-150x150.jpg 150w, https:\/\/miniaturstuhl.de\/wp-content\/uploads\/2026\/03\/Flagleinenstuhl_04_Z506859-768x768.jpg 768w\" sizes=\"auto, (max-width: 1200px) 100vw, 1200px\" \/><\/p>\n<p><img loading=\"lazy\" decoding=\"async\" class=\"alignnone size-full wp-image-14076\" src=\"https:\/\/miniaturstuhl.de\/wp-content\/uploads\/2026\/03\/Flagleinenstuhl_05_Z506860.jpg\" alt=\"\" width=\"1200\" height=\"1200\" srcset=\"https:\/\/miniaturstuhl.de\/wp-content\/uploads\/2026\/03\/Flagleinenstuhl_05_Z506860.jpg 1200w, https:\/\/miniaturstuhl.de\/wp-content\/uploads\/2026\/03\/Flagleinenstuhl_05_Z506860-300x300.jpg 300w, https:\/\/miniaturstuhl.de\/wp-content\/uploads\/2026\/03\/Flagleinenstuhl_05_Z506860-1024x1024.jpg 1024w, https:\/\/miniaturstuhl.de\/wp-content\/uploads\/2026\/03\/Flagleinenstuhl_05_Z506860-150x150.jpg 150w, https:\/\/miniaturstuhl.de\/wp-content\/uploads\/2026\/03\/Flagleinenstuhl_05_Z506860-768x768.jpg 768w\" sizes=\"auto, (max-width: 1200px) 100vw, 1200px\" \/><\/p>\n<p>&nbsp;<\/p>\n","protected":false},"excerpt":{"rendered":"<p>Flag Halyard Chair\u00a0 pp225 Flaggenleinenstuhl Entwurf: 1950 Ma\u00dfe: 200 x 230 mm, 160 mm hoch Ma\u00dfstab: 1:5 Edelstahl natur und lackiert, Schnur, Leder Kunstfell Heute bekam ich eine neue Miniatur f\u00fcr meine Sammlung. Es ist der Flaggenleinenstuhl, den der d\u00e4nische M\u00f6beldesigners Hans J. Wegner im Jahr 1950 entwarf. Das gro\u00dfe Original wird von PP M\u00f8bler &hellip; <a href=\"https:\/\/miniaturstuhl.de\/?p=14075\" class=\"more-link\"><span class=\"screen-reader-text\">Hans J. Wegner<\/span> weiterlesen<\/a><\/p>\n","protected":false},"author":2,"featured_media":0,"comment_status":"closed","ping_status":"open","sticky":false,"template":"","format":"standard","meta":{"_jetpack_memberships_contains_paid_content":false,"footnotes":""},"categories":[120,108],"tags":[],"class_list":["post-14075","post","type-post","status-publish","format-standard","hentry","category-1945-1970","category-wegner"],"jetpack_featured_media_url":"","jetpack_sharing_enabled":true,"_links":{"self":[{"href":"https:\/\/miniaturstuhl.de\/index.php?rest_route=\/wp\/v2\/posts\/14075","targetHints":{"allow":["GET"]}}],"collection":[{"href":"https:\/\/miniaturstuhl.de\/index.php?rest_route=\/wp\/v2\/posts"}],"about":[{"href":"https:\/\/miniaturstuhl.de\/index.php?rest_route=\/wp\/v2\/types\/post"}],"author":[{"embeddable":true,"href":"https:\/\/miniaturstuhl.de\/index.php?rest_route=\/wp\/v2\/users\/2"}],"replies":[{"embeddable":true,"href":"https:\/\/miniaturstuhl.de\/index.php?rest_route=%2Fwp%2Fv2%2Fcomments&post=14075"}],"version-history":[{"count":5,"href":"https:\/\/miniaturstuhl.de\/index.php?rest_route=\/wp\/v2\/posts\/14075\/revisions"}],"predecessor-version":[{"id":14085,"href":"https:\/\/miniaturstuhl.de\/index.php?rest_route=\/wp\/v2\/posts\/14075\/revisions\/14085"}],"wp:attachment":[{"href":"https:\/\/miniaturstuhl.de\/index.php?rest_route=%2Fwp%2Fv2%2Fmedia&parent=14075"}],"wp:term":[{"taxonomy":"category","embeddable":true,"href":"https:\/\/miniaturstuhl.de\/index.php?rest_route=%2Fwp%2Fv2%2Fcategories&post=14075"},{"taxonomy":"post_tag","embeddable":true,"href":"https:\/\/miniaturstuhl.de\/index.php?rest_route=%2Fwp%2Fv2%2Ftags&post=14075"}],"curies":[{"name":"wp","href":"https:\/\/api.w.org\/{rel}","templated":true}]}}