{"id":1227,"date":"2012-01-08T10:32:58","date_gmt":"2012-01-08T09:32:58","guid":{"rendered":"http:\/\/miniaturstuhl.de\/?p=1227"},"modified":"2014-12-28T18:25:13","modified_gmt":"2014-12-28T17:25:13","slug":"ludwig-mies-van-der-rohe-2","status":"publish","type":"post","link":"https:\/\/miniaturstuhl.de\/?p=1227","title":{"rendered":"Ludwig Mies van der Rohe"},"content":{"rendered":"<p><span style=\"color: #3366ff;\"><strong>Miniatur &#8222;Wei\u00dfenhof-Sessel MR 20&#8220;<\/strong><\/span><\/p>\n<p><a href=\"https:\/\/miniaturstuhl.de\/wp-content\/uploads\/2012\/01\/Mies-v-d-Rohe-MR20Gefl01.jpg\"><img loading=\"lazy\" decoding=\"async\" class=\"alignnone wp-image-6444 size-full\" src=\"https:\/\/miniaturstuhl.de\/wp-content\/uploads\/2014\/12\/Mies_Weissenhof-02.jpg\" alt=\"Mies_Weissenhof-02\" width=\"448\" height=\"302\" srcset=\"https:\/\/miniaturstuhl.de\/wp-content\/uploads\/2014\/12\/Mies_Weissenhof-02.jpg 448w, https:\/\/miniaturstuhl.de\/wp-content\/uploads\/2014\/12\/Mies_Weissenhof-02-300x202.jpg 300w\" sizes=\"auto, (max-width: 448px) 100vw, 448px\" \/><\/a><\/p>\n<p><img loading=\"lazy\" decoding=\"async\" class=\"alignnone size-full wp-image-6445\" src=\"https:\/\/miniaturstuhl.de\/wp-content\/uploads\/2014\/12\/Mies_Weissenhof-01.jpg\" alt=\"Mies_Weissenhof-01\" width=\"448\" height=\"302\" srcset=\"https:\/\/miniaturstuhl.de\/wp-content\/uploads\/2014\/12\/Mies_Weissenhof-01.jpg 448w, https:\/\/miniaturstuhl.de\/wp-content\/uploads\/2014\/12\/Mies_Weissenhof-01-300x202.jpg 300w\" sizes=\"auto, (max-width: 448px) 100vw, 448px\" \/><\/p>\n<p><a href=\"https:\/\/miniaturstuhl.de\/wp-content\/uploads\/2012\/01\/Mies-v-d-Rohe-MR20Gefl02.jpg\"><img loading=\"lazy\" decoding=\"async\" class=\"alignnone size-full wp-image-1233\" title=\"Mies-v-d-Rohe-MR20Gefl02\" src=\"https:\/\/miniaturstuhl.de\/wp-content\/uploads\/2012\/01\/Mies-v-d-Rohe-MR20Gefl02.jpg\" alt=\"\" width=\"152\" height=\"115\" \/><\/a><\/p>\n<p>Die Miniatur des von Mies van der Rohe entworfenen Sessels MR 20\u00a0wurde vom Vitra Design Museum in den Jahren von 1996 bis 2010 angeboten.<\/p>\n<p>Ma\u00dfe der Miniatur: 98 x 143 mm, 133 mm hoch.<\/p>\n<p>Ma\u00dfstab der Miniatur: 1:6<\/p>\n<p>Das Gestell der Miniatur ist aus verchromtem, ca. 4 mm starkem Eisendraht hergestellt. An der hinteren Kufe ist das Gestell wie beim gro\u00dfen Original in der Mitte zusammengesetzt. Das dunkelblaue Geflecht der Sitz- und R\u00fcckenfl\u00e4che sowie der Armauflagen endet im Bereich der Gestelle mit der von Lilly Reich vorgesehenen\u00a0Querwicklung.<\/p>\n<p>Zur Miniatur geh\u00f6rt das vom Vitra Design Museum mitgelieferte\u00a0Holzkistchen und eine Brosch\u00fcre.<\/p>\n<p>Kurze Informationen zum Entwurf.\u00a0<a href=\"https:\/\/miniaturstuhl.de\/?p=4005\" target=\"_blank\">&gt; Mehr<\/a><\/p>\n","protected":false},"excerpt":{"rendered":"<p>Miniatur &#8222;Wei\u00dfenhof-Sessel MR 20&#8220; Die Miniatur des von Mies van der Rohe entworfenen Sessels MR 20\u00a0wurde vom Vitra Design Museum in den Jahren von 1996 bis 2010 angeboten. Ma\u00dfe der Miniatur: 98 x 143 mm, 133 mm hoch. Ma\u00dfstab der Miniatur: 1:6 Das Gestell der Miniatur ist aus verchromtem, ca. 4 mm starkem Eisendraht hergestellt. &hellip; <a href=\"https:\/\/miniaturstuhl.de\/?p=1227\" class=\"more-link\"><span class=\"screen-reader-text\">Ludwig Mies van der Rohe<\/span> weiterlesen<\/a><\/p>\n","protected":false},"author":1,"featured_media":0,"comment_status":"closed","ping_status":"open","sticky":false,"template":"","format":"standard","meta":{"_jetpack_memberships_contains_paid_content":false,"footnotes":""},"categories":[119,73],"tags":[],"class_list":["post-1227","post","type-post","status-publish","format-standard","hentry","category-1919-1944","category-mies-van-der-rohe"],"jetpack_featured_media_url":"","jetpack_sharing_enabled":true,"_links":{"self":[{"href":"https:\/\/miniaturstuhl.de\/index.php?rest_route=\/wp\/v2\/posts\/1227","targetHints":{"allow":["GET"]}}],"collection":[{"href":"https:\/\/miniaturstuhl.de\/index.php?rest_route=\/wp\/v2\/posts"}],"about":[{"href":"https:\/\/miniaturstuhl.de\/index.php?rest_route=\/wp\/v2\/types\/post"}],"author":[{"embeddable":true,"href":"https:\/\/miniaturstuhl.de\/index.php?rest_route=\/wp\/v2\/users\/1"}],"replies":[{"embeddable":true,"href":"https:\/\/miniaturstuhl.de\/index.php?rest_route=%2Fwp%2Fv2%2Fcomments&post=1227"}],"version-history":[{"count":12,"href":"https:\/\/miniaturstuhl.de\/index.php?rest_route=\/wp\/v2\/posts\/1227\/revisions"}],"predecessor-version":[{"id":6490,"href":"https:\/\/miniaturstuhl.de\/index.php?rest_route=\/wp\/v2\/posts\/1227\/revisions\/6490"}],"wp:attachment":[{"href":"https:\/\/miniaturstuhl.de\/index.php?rest_route=%2Fwp%2Fv2%2Fmedia&parent=1227"}],"wp:term":[{"taxonomy":"category","embeddable":true,"href":"https:\/\/miniaturstuhl.de\/index.php?rest_route=%2Fwp%2Fv2%2Fcategories&post=1227"},{"taxonomy":"post_tag","embeddable":true,"href":"https:\/\/miniaturstuhl.de\/index.php?rest_route=%2Fwp%2Fv2%2Ftags&post=1227"}],"curies":[{"name":"wp","href":"https:\/\/api.w.org\/{rel}","templated":true}]}}