{"id":10175,"date":"2017-08-27T02:00:22","date_gmt":"2017-08-27T01:00:22","guid":{"rendered":"http:\/\/miniaturstuhl.de\/?p=10175"},"modified":"2017-08-26T11:13:45","modified_gmt":"2017-08-26T10:13:45","slug":"aus-meinem-buecherschrank-49","status":"publish","type":"post","link":"https:\/\/miniaturstuhl.de\/?p=10175","title":{"rendered":"Aus meinem B\u00fccherschrank"},"content":{"rendered":"<p><span style=\"color: #3366ff;\"><b>Der Stuhl<\/b><\/span><\/p>\n<div class=\"entry\">\n<p><img loading=\"lazy\" decoding=\"async\" class=\"alignleft size-full wp-image-10179\" src=\"https:\/\/miniaturstuhl.de\/wp-content\/uploads\/2017\/08\/Rasch_Der-Stuhl.jpg\" alt=\"\" width=\"220\" height=\"309\" srcset=\"https:\/\/miniaturstuhl.de\/wp-content\/uploads\/2017\/08\/Rasch_Der-Stuhl.jpg 220w, https:\/\/miniaturstuhl.de\/wp-content\/uploads\/2017\/08\/Rasch_Der-Stuhl-214x300.jpg 214w\" sizes=\"auto, (max-width: 220px) 100vw, 220px\" \/>Die Design-Avantgarde der 1920er Jahre f\u00fchrte zu einer gestalterischen Einfachheit, die ausschlie\u00dflich auf funktionale, materielle und konstruktive Notwendigkeiten ausgerichtet war. Heinz und Bodo Rasch waren Praktiker dieser neuen Sichtweise und Pioniere des ergonomischen M\u00f6beldesigns. Ihr 1927 entworfener Sitzgeiststuhl zeigt erste Ans\u00e4tze zum Bewegungs-sitzen und war Vorbild f\u00fcr Gerrit Rietvelds Zig-Zag-Stuhl.<\/p>\n<p>Das kleine Buch \u201eDer Stuhl\u201c von Heinz und Bodo Rasch wurde 1992 vom Vitra Design Museum als Faksimile neu aufgelegt. Anlass war die vom 27. November 1992 \u2013 28. M\u00e4rz 1993 im Vitra Design Museum stattfindende Ausstellung \u201ePraktiker der Avantgarde \u2013 Vom Experiment zum Klassiker\u201c<\/p>\n<\/div>\n","protected":false},"excerpt":{"rendered":"<p>Der Stuhl Die Design-Avantgarde der 1920er Jahre f\u00fchrte zu einer gestalterischen Einfachheit, die ausschlie\u00dflich auf funktionale, materielle und konstruktive Notwendigkeiten ausgerichtet war. Heinz und Bodo Rasch waren Praktiker dieser neuen Sichtweise und Pioniere des ergonomischen M\u00f6beldesigns. Ihr 1927 entworfener Sitzgeiststuhl zeigt erste Ans\u00e4tze zum Bewegungs-sitzen und war Vorbild f\u00fcr Gerrit Rietvelds Zig-Zag-Stuhl. Das kleine Buch &hellip; <a href=\"https:\/\/miniaturstuhl.de\/?p=10175\" class=\"more-link\"><span class=\"screen-reader-text\">Aus meinem B\u00fccherschrank<\/span> weiterlesen<\/a><\/p>\n","protected":false},"author":2,"featured_media":0,"comment_status":"closed","ping_status":"open","sticky":false,"template":"","format":"standard","meta":{"_jetpack_memberships_contains_paid_content":false,"footnotes":""},"categories":[224,86],"tags":[],"class_list":["post-10175","post","type-post","status-publish","format-standard","hentry","category-mein-buecherschrank","category-rasch"],"jetpack_featured_media_url":"","jetpack_sharing_enabled":true,"_links":{"self":[{"href":"https:\/\/miniaturstuhl.de\/index.php?rest_route=\/wp\/v2\/posts\/10175","targetHints":{"allow":["GET"]}}],"collection":[{"href":"https:\/\/miniaturstuhl.de\/index.php?rest_route=\/wp\/v2\/posts"}],"about":[{"href":"https:\/\/miniaturstuhl.de\/index.php?rest_route=\/wp\/v2\/types\/post"}],"author":[{"embeddable":true,"href":"https:\/\/miniaturstuhl.de\/index.php?rest_route=\/wp\/v2\/users\/2"}],"replies":[{"embeddable":true,"href":"https:\/\/miniaturstuhl.de\/index.php?rest_route=%2Fwp%2Fv2%2Fcomments&post=10175"}],"version-history":[{"count":9,"href":"https:\/\/miniaturstuhl.de\/index.php?rest_route=\/wp\/v2\/posts\/10175\/revisions"}],"predecessor-version":[{"id":10185,"href":"https:\/\/miniaturstuhl.de\/index.php?rest_route=\/wp\/v2\/posts\/10175\/revisions\/10185"}],"wp:attachment":[{"href":"https:\/\/miniaturstuhl.de\/index.php?rest_route=%2Fwp%2Fv2%2Fmedia&parent=10175"}],"wp:term":[{"taxonomy":"category","embeddable":true,"href":"https:\/\/miniaturstuhl.de\/index.php?rest_route=%2Fwp%2Fv2%2Fcategories&post=10175"},{"taxonomy":"post_tag","embeddable":true,"href":"https:\/\/miniaturstuhl.de\/index.php?rest_route=%2Fwp%2Fv2%2Ftags&post=10175"}],"curies":[{"name":"wp","href":"https:\/\/api.w.org\/{rel}","templated":true}]}}