{"id":10166,"date":"2017-08-27T02:12:34","date_gmt":"2017-08-27T01:12:34","guid":{"rendered":"http:\/\/miniaturstuhl.de\/?p=10166"},"modified":"2017-08-26T11:13:05","modified_gmt":"2017-08-26T10:13:05","slug":"gerrit-t-rietveld-14","status":"publish","type":"post","link":"https:\/\/miniaturstuhl.de\/?p=10166","title":{"rendered":"Gerrit T. Rietveld"},"content":{"rendered":"<p><span style=\"color: #3366ff;\"><strong>Miniatur \u201eZig-Zag-Stuhl aus gebogenem Holz\u201c<\/strong><\/span><\/p>\n<p><img loading=\"lazy\" decoding=\"async\" class=\"alignnone size-full wp-image-10189\" src=\"https:\/\/miniaturstuhl.de\/wp-content\/uploads\/2017\/08\/Rietveld_Zigzack-Sperrholz_01.jpg\" alt=\"\" width=\"448\" height=\"337\" srcset=\"https:\/\/miniaturstuhl.de\/wp-content\/uploads\/2017\/08\/Rietveld_Zigzack-Sperrholz_01.jpg 448w, https:\/\/miniaturstuhl.de\/wp-content\/uploads\/2017\/08\/Rietveld_Zigzack-Sperrholz_01-300x226.jpg 300w\" sizes=\"auto, (max-width: 448px) 100vw, 448px\" \/><\/p>\n<p>In den 1930er Jahren entwarf Gerrit Rietveld mehrere Varianten des Zig-Zag-Stuhls. In einer Reihe von Experimenten mit verschiedenen Materialien und Materialkombinationen entstand auch ein Zig-Zag-Stuhl aus gebogenem und lackiertem Holz. Der in der Ausstellung &#8222;<em>Gerrit Rietveld &#8211; Die Revolution des Raums&#8220;<\/em> des Vitra Design Museums gezeigte Stuhl ist Vorbild f\u00fcr die von mir angefertigte Miniatur.<\/p>\n<p>Da in der \u00a0Literatur keine Ma\u00dfe dieses Stuhles angegeben werden, habe ich f\u00fcr meine ma\u00dfst\u00e4blichen Skizzen weitgehend die Ma\u00dfe der Zig-Zag-Miniatur des Vitra Design Museums \u00fcbernommen. Auch die im Katalog abgebildete Zeichnung der Seitenansicht verhalf mir zu einem originalgetreuen Entwurf.<\/p>\n<p>Ma\u00dfe der Miniatur: 56 x 70 mm, 123 mm hoch.<\/p>\n<p>Ma\u00dfstab der Miniatur: 1:6<\/p>\n<p>Die folgenden Bilder zeigen Arbeitsschritte von der Skizze bis zur Fertigstellung:<\/p>\n<p><img loading=\"lazy\" decoding=\"async\" class=\"alignnone size-full wp-image-10169\" src=\"https:\/\/miniaturstuhl.de\/wp-content\/uploads\/2017\/08\/Rietveld_Zigzack-Sperrholz_02.jpg\" alt=\"\" width=\"448\" height=\"337\" srcset=\"https:\/\/miniaturstuhl.de\/wp-content\/uploads\/2017\/08\/Rietveld_Zigzack-Sperrholz_02.jpg 448w, https:\/\/miniaturstuhl.de\/wp-content\/uploads\/2017\/08\/Rietveld_Zigzack-Sperrholz_02-300x226.jpg 300w\" sizes=\"auto, (max-width: 448px) 100vw, 448px\" \/><\/p>\n<p><img loading=\"lazy\" decoding=\"async\" class=\"alignnone size-full wp-image-10168\" src=\"https:\/\/miniaturstuhl.de\/wp-content\/uploads\/2017\/08\/Rietveld_Zigzack-Sperrholz_03.jpg\" alt=\"\" width=\"448\" height=\"337\" srcset=\"https:\/\/miniaturstuhl.de\/wp-content\/uploads\/2017\/08\/Rietveld_Zigzack-Sperrholz_03.jpg 448w, https:\/\/miniaturstuhl.de\/wp-content\/uploads\/2017\/08\/Rietveld_Zigzack-Sperrholz_03-300x226.jpg 300w\" sizes=\"auto, (max-width: 448px) 100vw, 448px\" \/><\/p>\n<p>Einige Skizzen, immer wieder mit kleinen Ma\u00dfkorrekturen waren erforderlich, um zu einem authentischen Ergebnis zu kommen. Aus drei miteinander verleimten MDF-Platten habe ich eine Form geschnitten und darin sieben Lagen Buchenfurnier kreuzweise und unter Druck verleimt.<\/p>\n<p><img loading=\"lazy\" decoding=\"async\" class=\"alignnone size-full wp-image-10167\" src=\"https:\/\/miniaturstuhl.de\/wp-content\/uploads\/2017\/08\/Rietveld_Zigzack-Sperrholz_04.jpg\" alt=\"\" width=\"448\" height=\"337\" srcset=\"https:\/\/miniaturstuhl.de\/wp-content\/uploads\/2017\/08\/Rietveld_Zigzack-Sperrholz_04.jpg 448w, https:\/\/miniaturstuhl.de\/wp-content\/uploads\/2017\/08\/Rietveld_Zigzack-Sperrholz_04-300x226.jpg 300w\" sizes=\"auto, (max-width: 448px) 100vw, 448px\" \/><\/p>\n<p><img loading=\"lazy\" decoding=\"async\" class=\"alignnone size-full wp-image-10173\" src=\"https:\/\/miniaturstuhl.de\/wp-content\/uploads\/2017\/08\/Rietveld_Zigzack-Sperrholz_05.jpg\" alt=\"\" width=\"448\" height=\"337\" srcset=\"https:\/\/miniaturstuhl.de\/wp-content\/uploads\/2017\/08\/Rietveld_Zigzack-Sperrholz_05.jpg 448w, https:\/\/miniaturstuhl.de\/wp-content\/uploads\/2017\/08\/Rietveld_Zigzack-Sperrholz_05-300x226.jpg 300w\" sizes=\"auto, (max-width: 448px) 100vw, 448px\" \/><\/p>\n<p>Die engen Radien machten mir beim Biegen der Furnierschichten doch sehr zu schaffen.\u00a0Vier Versuche waren erforderlich um eine saubere und einwandfreie Verleimung der Miniatur zu erzielen. \u00a0Schlie\u00dflich war ich nach dem L\u00f6sen des letzten Versuchs aus der Form und dem Zuschnitt auf der Bands\u00e4ge mit dem Ergebnis sehr zufrieden.<\/p>\n<p><img loading=\"lazy\" decoding=\"async\" class=\"alignnone size-full wp-image-10172\" src=\"https:\/\/miniaturstuhl.de\/wp-content\/uploads\/2017\/08\/Rietveld_Zigzack-Sperrholz_06.jpg\" alt=\"\" width=\"448\" height=\"337\" srcset=\"https:\/\/miniaturstuhl.de\/wp-content\/uploads\/2017\/08\/Rietveld_Zigzack-Sperrholz_06.jpg 448w, https:\/\/miniaturstuhl.de\/wp-content\/uploads\/2017\/08\/Rietveld_Zigzack-Sperrholz_06-300x226.jpg 300w\" sizes=\"auto, (max-width: 448px) 100vw, 448px\" \/><\/p>\n<p>Nach gr\u00fcndlichem Schleifen der Oberfl\u00e4che habe ich die Miniatur in einem Lackierbetrieb gr\u00fcnbeige (RAL 1000) beschichten lassen und abschlie\u00dfend braune Filzgleiter angebracht.<\/p>\n<p>Das wirklich gelungene Ergebnis zeigen die folgenden Bilder.<\/p>\n<p><img loading=\"lazy\" decoding=\"async\" class=\"alignnone size-full wp-image-10192\" src=\"https:\/\/miniaturstuhl.de\/wp-content\/uploads\/2017\/08\/Rietveld_Zigzack-Sperrholz_12.jpg\" alt=\"\" width=\"448\" height=\"337\" srcset=\"https:\/\/miniaturstuhl.de\/wp-content\/uploads\/2017\/08\/Rietveld_Zigzack-Sperrholz_12.jpg 448w, https:\/\/miniaturstuhl.de\/wp-content\/uploads\/2017\/08\/Rietveld_Zigzack-Sperrholz_12-300x226.jpg 300w\" sizes=\"auto, (max-width: 448px) 100vw, 448px\" \/><\/p>\n<p><img loading=\"lazy\" decoding=\"async\" class=\"alignnone size-full wp-image-10195\" src=\"https:\/\/miniaturstuhl.de\/wp-content\/uploads\/2017\/08\/Rietveld_Zigzack-Sperrholz_09.jpg\" alt=\"\" width=\"448\" height=\"337\" srcset=\"https:\/\/miniaturstuhl.de\/wp-content\/uploads\/2017\/08\/Rietveld_Zigzack-Sperrholz_09.jpg 448w, https:\/\/miniaturstuhl.de\/wp-content\/uploads\/2017\/08\/Rietveld_Zigzack-Sperrholz_09-300x226.jpg 300w\" sizes=\"auto, (max-width: 448px) 100vw, 448px\" \/><\/p>\n<p><img loading=\"lazy\" decoding=\"async\" class=\"alignnone size-full wp-image-10194\" src=\"https:\/\/miniaturstuhl.de\/wp-content\/uploads\/2017\/08\/Rietveld_Zigzack-Sperrholz_10.jpg\" alt=\"\" width=\"448\" height=\"337\" srcset=\"https:\/\/miniaturstuhl.de\/wp-content\/uploads\/2017\/08\/Rietveld_Zigzack-Sperrholz_10.jpg 448w, https:\/\/miniaturstuhl.de\/wp-content\/uploads\/2017\/08\/Rietveld_Zigzack-Sperrholz_10-300x226.jpg 300w\" sizes=\"auto, (max-width: 448px) 100vw, 448px\" \/><\/p>\n<p><img loading=\"lazy\" decoding=\"async\" class=\"alignnone size-full wp-image-10193\" src=\"https:\/\/miniaturstuhl.de\/wp-content\/uploads\/2017\/08\/Rietveld_Zigzack-Sperrholz_11.jpg\" alt=\"\" width=\"448\" height=\"337\" srcset=\"https:\/\/miniaturstuhl.de\/wp-content\/uploads\/2017\/08\/Rietveld_Zigzack-Sperrholz_11.jpg 448w, https:\/\/miniaturstuhl.de\/wp-content\/uploads\/2017\/08\/Rietveld_Zigzack-Sperrholz_11-300x226.jpg 300w\" sizes=\"auto, (max-width: 448px) 100vw, 448px\" \/><\/p>\n","protected":false},"excerpt":{"rendered":"<p>Miniatur \u201eZig-Zag-Stuhl aus gebogenem Holz\u201c In den 1930er Jahren entwarf Gerrit Rietveld mehrere Varianten des Zig-Zag-Stuhls. In einer Reihe von Experimenten mit verschiedenen Materialien und Materialkombinationen entstand auch ein Zig-Zag-Stuhl aus gebogenem und lackiertem Holz. Der in der Ausstellung &#8222;Gerrit Rietveld &#8211; Die Revolution des Raums&#8220; des Vitra Design Museums gezeigte Stuhl ist Vorbild f\u00fcr &hellip; <a href=\"https:\/\/miniaturstuhl.de\/?p=10166\" class=\"more-link\"><span class=\"screen-reader-text\">Gerrit T. Rietveld<\/span> weiterlesen<\/a><\/p>\n","protected":false},"author":2,"featured_media":0,"comment_status":"closed","ping_status":"open","sticky":false,"template":"","format":"standard","meta":{"_jetpack_memberships_contains_paid_content":false,"footnotes":""},"categories":[119,127,87],"tags":[],"class_list":["post-10166","post","type-post","status-publish","format-standard","hentry","category-1919-1944","category-eigene-anfertigung","category-rietveld"],"jetpack_featured_media_url":"","jetpack_sharing_enabled":true,"_links":{"self":[{"href":"https:\/\/miniaturstuhl.de\/index.php?rest_route=\/wp\/v2\/posts\/10166","targetHints":{"allow":["GET"]}}],"collection":[{"href":"https:\/\/miniaturstuhl.de\/index.php?rest_route=\/wp\/v2\/posts"}],"about":[{"href":"https:\/\/miniaturstuhl.de\/index.php?rest_route=\/wp\/v2\/types\/post"}],"author":[{"embeddable":true,"href":"https:\/\/miniaturstuhl.de\/index.php?rest_route=\/wp\/v2\/users\/2"}],"replies":[{"embeddable":true,"href":"https:\/\/miniaturstuhl.de\/index.php?rest_route=%2Fwp%2Fv2%2Fcomments&post=10166"}],"version-history":[{"count":20,"href":"https:\/\/miniaturstuhl.de\/index.php?rest_route=\/wp\/v2\/posts\/10166\/revisions"}],"predecessor-version":[{"id":10210,"href":"https:\/\/miniaturstuhl.de\/index.php?rest_route=\/wp\/v2\/posts\/10166\/revisions\/10210"}],"wp:attachment":[{"href":"https:\/\/miniaturstuhl.de\/index.php?rest_route=%2Fwp%2Fv2%2Fmedia&parent=10166"}],"wp:term":[{"taxonomy":"category","embeddable":true,"href":"https:\/\/miniaturstuhl.de\/index.php?rest_route=%2Fwp%2Fv2%2Fcategories&post=10166"},{"taxonomy":"post_tag","embeddable":true,"href":"https:\/\/miniaturstuhl.de\/index.php?rest_route=%2Fwp%2Fv2%2Ftags&post=10166"}],"curies":[{"name":"wp","href":"https:\/\/api.w.org\/{rel}","templated":true}]}}