{"id":10147,"date":"2017-09-10T02:00:02","date_gmt":"2017-09-10T01:00:02","guid":{"rendered":"http:\/\/miniaturstuhl.de\/?p=10147"},"modified":"2017-08-09T18:38:50","modified_gmt":"2017-08-09T17:38:50","slug":"aus-meinem-buecherschrank-48","status":"publish","type":"post","link":"https:\/\/miniaturstuhl.de\/?p=10147","title":{"rendered":"Aus meinem B\u00fccherschrank"},"content":{"rendered":"<p><span style=\"color: #3366ff;\"><b>MIES<br \/>\n<\/b>UND DAS NEUE WOHNEN<\/span><br \/>\n<span style=\"color: #3366ff;\"> R\u00c4UME\u00a0| M\u00d6BEL | FOTOGRAFIE<\/span><\/p>\n<div class=\"entry\">\n<p><img loading=\"lazy\" decoding=\"async\" class=\"alignleft size-full wp-image-10150\" src=\"https:\/\/miniaturstuhl.de\/wp-content\/uploads\/2017\/08\/Mies-van-der-Rohe_06.jpg\" alt=\"\" width=\"220\" height=\"252\" \/><\/p>\n<p>&#8222;Ludwig Mies van der Rohe (1886-1969) ist nicht nur einer der bedeutendsten Architekten des 20. Jahrhunderts, auch seine M\u00f6belentw\u00fcrfe gelten als Meilensteine der Design-geschichte. Bis heute werden seine Stahlrohr- und Flachstahlm\u00f6bel, etwa der Barcelona-Sessel, weitgehend noch in Serie produziert.<br \/>\nAuf neuestem Stand der Forschung und unter Ber\u00fcck-sichtigung neuer Dokumente widmet sich dieser Band den Klassikern der Moderne und diskutiert dabei auch die progressiven Innenraumkonzepte Mies van der Rohes, die Aspekte der Raumgestaltung stets als Teil einer architektonischen Gesamtkonzeption begreifen. Renommierte Experten lassen nicht nur Mies&#8216; gestalterische H\u00f6hepunkte und ihre Entstehungsgeschichte Revue passieren, sondern beleben in ihren Beitr\u00e4gen auch sein Berliner Umfeld der 1920er- und 1930er-Jahre. Dar\u00fcber hinaus enth\u00e4lt das Buch eine Reihe bisher unpublizierter Fotos zu Mies&#8216; Werk&#8220;<\/p>\n<p><span style=\"color: #999999;\">Text: Klappentext des Verlages.<\/span><\/p>\n<\/div>\n<p>Auf dem Titelbild und anderen historischen Aufnahmen im Inneren des Buches ist zu erkennen, da\u00df die Kissen der ersten Barcelona-Sessel und -Hocker mit einer diagonal versetzten Knopfheftung ausgef\u00fchrt waren.<br \/>\nDie Kissen sp\u00e4terer Anfertigungen und auch die der heutigen Serienfertigung von Knoll International sind mit Knopfheftungen in Kassettenform ausgef\u00fchrt.<\/p>\n","protected":false},"excerpt":{"rendered":"<p>MIES UND DAS NEUE WOHNEN R\u00c4UME\u00a0| M\u00d6BEL | FOTOGRAFIE &#8222;Ludwig Mies van der Rohe (1886-1969) ist nicht nur einer der bedeutendsten Architekten des 20. Jahrhunderts, auch seine M\u00f6belentw\u00fcrfe gelten als Meilensteine der Design-geschichte. Bis heute werden seine Stahlrohr- und Flachstahlm\u00f6bel, etwa der Barcelona-Sessel, weitgehend noch in Serie produziert. Auf neuestem Stand der Forschung und unter &hellip; <a href=\"https:\/\/miniaturstuhl.de\/?p=10147\" class=\"more-link\"><span class=\"screen-reader-text\">Aus meinem B\u00fccherschrank<\/span> weiterlesen<\/a><\/p>\n","protected":false},"author":2,"featured_media":0,"comment_status":"closed","ping_status":"open","sticky":false,"template":"","format":"standard","meta":{"_jetpack_memberships_contains_paid_content":false,"footnotes":""},"categories":[224,73],"tags":[],"class_list":["post-10147","post","type-post","status-publish","format-standard","hentry","category-mein-buecherschrank","category-mies-van-der-rohe"],"jetpack_featured_media_url":"","jetpack_sharing_enabled":true,"_links":{"self":[{"href":"https:\/\/miniaturstuhl.de\/index.php?rest_route=\/wp\/v2\/posts\/10147","targetHints":{"allow":["GET"]}}],"collection":[{"href":"https:\/\/miniaturstuhl.de\/index.php?rest_route=\/wp\/v2\/posts"}],"about":[{"href":"https:\/\/miniaturstuhl.de\/index.php?rest_route=\/wp\/v2\/types\/post"}],"author":[{"embeddable":true,"href":"https:\/\/miniaturstuhl.de\/index.php?rest_route=\/wp\/v2\/users\/2"}],"replies":[{"embeddable":true,"href":"https:\/\/miniaturstuhl.de\/index.php?rest_route=%2Fwp%2Fv2%2Fcomments&post=10147"}],"version-history":[{"count":6,"href":"https:\/\/miniaturstuhl.de\/index.php?rest_route=\/wp\/v2\/posts\/10147\/revisions"}],"predecessor-version":[{"id":10164,"href":"https:\/\/miniaturstuhl.de\/index.php?rest_route=\/wp\/v2\/posts\/10147\/revisions\/10164"}],"wp:attachment":[{"href":"https:\/\/miniaturstuhl.de\/index.php?rest_route=%2Fwp%2Fv2%2Fmedia&parent=10147"}],"wp:term":[{"taxonomy":"category","embeddable":true,"href":"https:\/\/miniaturstuhl.de\/index.php?rest_route=%2Fwp%2Fv2%2Fcategories&post=10147"},{"taxonomy":"post_tag","embeddable":true,"href":"https:\/\/miniaturstuhl.de\/index.php?rest_route=%2Fwp%2Fv2%2Ftags&post=10147"}],"curies":[{"name":"wp","href":"https:\/\/api.w.org\/{rel}","templated":true}]}}